{"id":39071,"date":"2019-06-06T14:03:56","date_gmt":"2019-06-06T18:03:56","guid":{"rendered":"https:\/\/linitiative.ca\/International\/90310-billel-dziri-ne-sera-plus-l-entraineur-du-cabba-l-an-prochain\/"},"modified":"2019-06-06T14:03:56","modified_gmt":"2019-06-06T18:03:56","slug":"90310-billel-dziri-ne-sera-plus-l-entraineur-du-cabba-l-an-prochain","status":"publish","type":"post","link":"https:\/\/linitiative.ca\/International\/90310-billel-dziri-ne-sera-plus-l-entraineur-du-cabba-l-an-prochain\/","title":{"rendered":"Billel Dziri ne sera plus l\u2019entraineur du CABBA l\u2019an prochain"},"content":{"rendered":"<div>\n<div class=\"K2FeedImage\"><img decoding=\"async\" src=\"http:\/\/www.aps.dz\/media\/k2\/items\/cache\/2e7b65bd64e2222bd0f59cbfcf1a81ef_S.jpg\" alt=\"Billel Dziri ne sera plus l\u2019entraineur du CABBA l\u2019an prochain\"><\/div>\n<div class=\"K2FeedIntroText\">\n<p><strong>BORDJ BOU ARRERIDJ &#8211; La direction du CA Bordj Bou Arreridj (ligue 1 de football professionnel) a d\u00e9cid\u00e9 de \u00ab\u00a0ne pas renouveler le contrat d\u2019entraineur de Billel Dziri \u00ab\u00a0, a-t-on appris jeudi du pr\u00e9sident du conseil d\u2019administration du club , Anis Benhamadi.<\/strong><\/p>\n<\/div>\n<div class=\"K2FeedFullText\">\n<p>Le premier responsable du club Braidji a indiqu\u00e9 \u00e0 l\u2019APS \u00ab\u00a0qu\u2019apr\u00e8s r\u00e9flexion avec les membres du conseil d\u2019administration, il a \u00e9t\u00e9 d\u00e9cid\u00e9 de ne pas renouveler le contrat de Billel Dziri bien que le premier objectif du club a \u00e9t\u00e9 atteint, \u00e0 savoir le maintien en L1\u00a0\u00bb.<\/p>\n<p>Anis Benhamadi a par ailleurs tenu \u00e0 saluer le grand travail effectu\u00e9 par le d\u00e9sormais ex-coach du CABBA depuis qu\u2019il a pris les r\u00eanes de l\u2019\u00e9quipe au lendemain de la 13e journ\u00e9e.<\/p>\n<p>La direction du CABBA se pr\u00e9pare \u00e0 un \u00ab\u00a0mercato estival ambitieux\u00a0\u00bb et a d\u2019ores et d\u00e9j\u00e0 mis le nom de l\u2019entraineur marocain Rachid Taoussi en haut de sa short-list pour la succession de Billel Dziri , a-t-on indiqu\u00e9.<\/p>\n<p>Le pr\u00e9sident du conseil d\u2019administration du CABBA a interpel\u00e9 les pouvoirs publics afin de mettre le club dans les meilleures dispositions possibles pour pr\u00e9parer la prochaine saison en acc\u00e9l\u00e9rant la pose de la nouvelle pelouse du stade du 20 ao\u00fbt 1955 et en octroyant le terrain n\u00e9cessaire \u00e0 la r\u00e9alisation d\u2019un centre d\u2019entrainement dans la for\u00eat de Boumergeud.<\/p>\n<p>Pour rappel le CABBA avait termin\u00e9 la saison 2018-2019 \u00e0 la 9\u00e9me place du classement avec 37 points au compteur.<\/p>\n<\/div>\n<p><img loading=\"lazy\" decoding=\"async\" src=\"http:\/\/feeds.feedburner.com\/~r\/aps-sport\/~4\/0f5W9dibg8o\" height=\"1\" width=\"1\" alt=\"\"><\/div>\n<p>Auteur:<br \/>\n<a href=\"http:\/\/www.aps.dz\/sport\/90310-billel-dziri-ne-sera-plus-l-entraineur-du-cabba-l-an-prochain?utm_source=feedburner&#038;utm_medium=feed&#038;utm_campaign=Feed%3A+aps-sport+%28APS+-+SPORT%29\">Cliquez ici pour lire l&rsquo;article depuis sa source.<\/a><\/p>\n","protected":false},"excerpt":{"rendered":"<p>BORDJ BOU ARRERIDJ &#8211; La direction du CA Bordj Bou Arreridj (ligue 1 de football professionnel) a d\u00e9cid\u00e9 de \u00ab\u00a0ne pas renouveler le contrat d\u2019entraineur de Billel Dziri \u00ab\u00a0, a-t-on appris jeudi du pr\u00e9sident du conseil d\u2019administration du club , Anis Benhamadi. Le premier responsable du club Braidji a indiqu\u00e9 \u00e0 l\u2019APS \u00ab\u00a0qu\u2019apr\u00e8s r\u00e9flexion avec [&hellip;]<\/p>\n","protected":false},"author":1790,"featured_media":39072,"comment_status":"closed","ping_status":"closed","sticky":false,"template":"","format":"standard","meta":{"fifu_image_url":"","fifu_image_alt":"","footnotes":""},"categories":[53,75],"tags":[],"class_list":["post-39071","post","type-post","status-publish","format-standard","has-post-thumbnail","hentry","category-algerie","category-sport"],"_links":{"self":[{"href":"https:\/\/linitiative.ca\/International\/wp-json\/wp\/v2\/posts\/39071","targetHints":{"allow":["GET"]}}],"collection":[{"href":"https:\/\/linitiative.ca\/International\/wp-json\/wp\/v2\/posts"}],"about":[{"href":"https:\/\/linitiative.ca\/International\/wp-json\/wp\/v2\/types\/post"}],"author":[{"embeddable":true,"href":"https:\/\/linitiative.ca\/International\/wp-json\/wp\/v2\/users\/1790"}],"replies":[{"embeddable":true,"href":"https:\/\/linitiative.ca\/International\/wp-json\/wp\/v2\/comments?post=39071"}],"version-history":[{"count":0,"href":"https:\/\/linitiative.ca\/International\/wp-json\/wp\/v2\/posts\/39071\/revisions"}],"wp:featuredmedia":[{"embeddable":true,"href":"https:\/\/linitiative.ca\/International\/wp-json\/"}],"wp:attachment":[{"href":"https:\/\/linitiative.ca\/International\/wp-json\/wp\/v2\/media?parent=39071"}],"wp:term":[{"taxonomy":"category","embeddable":true,"href":"https:\/\/linitiative.ca\/International\/wp-json\/wp\/v2\/categories?post=39071"},{"taxonomy":"post_tag","embeddable":true,"href":"https:\/\/linitiative.ca\/International\/wp-json\/wp\/v2\/tags?post=39071"}],"curies":[{"name":"wp","href":"https:\/\/api.w.org\/{rel}","templated":true}]}}