{"id":39075,"date":"2019-06-06T16:09:21","date_gmt":"2019-06-06T20:09:21","guid":{"rendered":"https:\/\/linitiative.ca\/International\/bensalah-relance-son-appel-au-dialogue\/"},"modified":"2019-06-06T16:09:21","modified_gmt":"2019-06-06T20:09:21","slug":"bensalah-relance-son-appel-au-dialogue","status":"publish","type":"post","link":"https:\/\/linitiative.ca\/International\/bensalah-relance-son-appel-au-dialogue\/","title":{"rendered":"Bensalah relance son appel au dialogue"},"content":{"rendered":"<h4 class=\"title-14\"\/>\n<div class=\"featured_image\"><img width=\"673\" height=\"459\" data-cfsrc=\"https:\/\/www.elwatan.com\/wp-content\/uploads\/2019\/06\/Capture-bensalah.jpg\" class=\"attachment-post-thumbnail size-post-thumbnail wp-post-image c1\" alt=\"\" srcset=\"https:\/\/www.elwatan.com\/wp-content\/uploads\/2019\/06\/Capture-bensalah.jpg 673w, https:\/\/www.elwatan.com\/wp-content\/uploads\/2019\/06\/Capture-bensalah-300x205.jpg 300w\" sizes=\"(max-width: 673px) 100vw, 673px\"\/><noscript><\/p>\n<p><img loading=\"lazy\" decoding=\"async\" width=\"673\" height=\"459\" src=\"https:\/\/www.elwatan.com\/wp-content\/uploads\/2019\/06\/Capture-bensalah.jpg\" class=\"attachment-post-thumbnail size-post-thumbnail wp-post-image\" alt=\"\" srcset=\"https:\/\/www.elwatan.com\/wp-content\/uploads\/2019\/06\/Capture-bensalah.jpg 673w, https:\/\/www.elwatan.com\/wp-content\/uploads\/2019\/06\/Capture-bensalah-300x205.jpg 300w\" sizes=\"auto, (max-width: 673px) 100vw, 673px\"\/><\/p>\n<p><\/noscript> <span class=\"featured-image-caption\">Abdelkader Bensalah. (Capture d&rsquo;\u00e9cran).<\/span><\/div>\n<p>Le chef de l\u2019Etat par int\u00e9rim Abdelkader Bensalah a appel\u00e9, une nouvelle fois, la classe politique, la soci\u00e9t\u00e9 civile et les personnalit\u00e9s nationales \u00e0 prendre part \u00e0 des concertations autour de l\u2019organisation de l\u2019\u00e9lection pr\u00e9sidentielle.<\/p>\n<p>\u00ab\u00a0J\u2019appelle la classe politiques, la soci\u00e9t\u00e9 civiles et les personnalit\u00e9s nationales de choisir la voie du dialogue global (\u2026) Je les invite \u00e0 d\u00e9battre de tout ce qui est relatif \u00e0 l\u2019organisation de la prochaine \u00e9lection pr\u00e9sidentielle\u00a0\u00bb, a d\u00e9clar\u00e9 Bensalah dans son discours diffus\u00e9 jeudi \u00e0 20h00. Selon lui, le scrutin pr\u00e9sidentiel devrait \u00eatre organis\u00e9 dans \u00ab des d\u00e9lais acceptables, sans perte de temps\u00a0\u00bb<\/p>\n<p>Le chef de l\u2019Etat par int\u00e9rim a avanc\u00e9, dans son discours, que la situation \u00ab\u00a0l\u2019oblige\u00a0\u00bb \u00e0 poursuivre sa mission jusqu\u2019\u00e0 l\u2019\u00e9lection d\u2019un nouveau pr\u00e9sident de la R\u00e9publique, qui \u00ab\u00a0aura la l\u00e9gitimit\u00e9 d\u2019engager les r\u00e9formes dont a besoin le pays\u00a0\u00bb.<\/p>\n<p>Pour rappel, le Conseil constitutionnel a annul\u00e9 l\u2019\u00e9lection pr\u00e9sidentielle pr\u00e9vue le 4 juillet prochain, <a href=\"https:\/\/www.elwatan.com\/edition\/actualite\/583342-02-06-2019\">faute de candidats s\u00e9rieux<\/a>. La conf\u00e9rence nationale, organis\u00e9e en avril dernier, avait subi <a href=\"https:\/\/www.elwatan.com\/edition\/actualite\/un-ramadhan-a-la-sauce-hirak-06-06-2019\">le m\u00eame sort<\/a>.<\/p>\n<p><span class=\"post-views-label\">Post Views:<\/span> <span class=\"post-views-count\">1<\/span><\/p>\n<p>Auteur: Farouk Djouadi<br \/>\n<a href=\"https:\/\/www.elwatan.com\/edition\/actualite\/bensalah-relance-son-appel-au-dialogue-06-06-2019\">Cliquez ici pour lire l&rsquo;article depuis sa source.<\/a><\/p>\n","protected":false},"excerpt":{"rendered":"<p>Abdelkader Bensalah. (Capture d&rsquo;\u00e9cran). Le chef de l\u2019Etat par int\u00e9rim Abdelkader Bensalah a appel\u00e9, une nouvelle fois, la classe politique, la soci\u00e9t\u00e9 civile et les personnalit\u00e9s nationales \u00e0 prendre part \u00e0 des concertations autour de l\u2019organisation de l\u2019\u00e9lection pr\u00e9sidentielle. \u00ab\u00a0J\u2019appelle la classe politiques, la soci\u00e9t\u00e9 civiles et les personnalit\u00e9s nationales de choisir la voie du [&hellip;]<\/p>\n","protected":false},"author":1743,"featured_media":39076,"comment_status":"closed","ping_status":"closed","sticky":false,"template":"","format":"standard","meta":{"fifu_image_url":"","fifu_image_alt":"","footnotes":""},"categories":[73,53],"tags":[],"class_list":["post-39075","post","type-post","status-publish","format-standard","has-post-thumbnail","hentry","category-actualite","category-algerie"],"_links":{"self":[{"href":"https:\/\/linitiative.ca\/International\/wp-json\/wp\/v2\/posts\/39075","targetHints":{"allow":["GET"]}}],"collection":[{"href":"https:\/\/linitiative.ca\/International\/wp-json\/wp\/v2\/posts"}],"about":[{"href":"https:\/\/linitiative.ca\/International\/wp-json\/wp\/v2\/types\/post"}],"author":[{"embeddable":true,"href":"https:\/\/linitiative.ca\/International\/wp-json\/wp\/v2\/users\/1743"}],"replies":[{"embeddable":true,"href":"https:\/\/linitiative.ca\/International\/wp-json\/wp\/v2\/comments?post=39075"}],"version-history":[{"count":0,"href":"https:\/\/linitiative.ca\/International\/wp-json\/wp\/v2\/posts\/39075\/revisions"}],"wp:featuredmedia":[{"embeddable":true,"href":"https:\/\/linitiative.ca\/International\/wp-json\/"}],"wp:attachment":[{"href":"https:\/\/linitiative.ca\/International\/wp-json\/wp\/v2\/media?parent=39075"}],"wp:term":[{"taxonomy":"category","embeddable":true,"href":"https:\/\/linitiative.ca\/International\/wp-json\/wp\/v2\/categories?post=39075"},{"taxonomy":"post_tag","embeddable":true,"href":"https:\/\/linitiative.ca\/International\/wp-json\/wp\/v2\/tags?post=39075"}],"curies":[{"name":"wp","href":"https:\/\/api.w.org\/{rel}","templated":true}]}}