{"id":39077,"date":"2019-06-06T16:09:00","date_gmt":"2019-06-06T20:09:00","guid":{"rendered":"https:\/\/linitiative.ca\/International\/le-president-de-la-caf-interpelle-par-la-police-francaise-pour-des-affaires-de-corruption-quand-la-justice-immanente-se-manifeste\/"},"modified":"2019-06-06T16:09:00","modified_gmt":"2019-06-06T20:09:00","slug":"le-president-de-la-caf-interpelle-par-la-police-francaise-pour-des-affaires-de-corruption-quand-la-justice-immanente-se-manifeste","status":"publish","type":"post","link":"https:\/\/linitiative.ca\/International\/le-president-de-la-caf-interpelle-par-la-police-francaise-pour-des-affaires-de-corruption-quand-la-justice-immanente-se-manifeste\/","title":{"rendered":"Le pr\u00e9sident  de la Caf interpell\u00e9 par la police fran\u00e7aise pour des affaires de corruption : quand la justice immanente se manifeste"},"content":{"rendered":"<p>Moins de 24 heures apr\u00e8s la d\u00e9cision inique de la Caf de faire rejouer la finale retour de la Coupe de la ligue africaine, La justice immanente se manifeste. Le pr\u00e9sident de la Caf Ahmed Ahmed a \u00e9t\u00e9 interpell\u00e9 ce jeudi par l\u2019office anti corruption de la police judiciaire\u00a0 fran\u00e7aise pour des affaires de corruption dans lesquelles il aurait tremp\u00e9 alors que son mentor, le vice pr\u00e9sident de la Caf fait l\u2019objet d\u2019une plainte de la f\u00e9d\u00e9ration \u00e9thiopienne de football pour avoir agress\u00e9 un arbitre \u00e9thiopien.<\/p>\n<p>Auteur:<br \/>\n<a href=\"https:\/\/www.leaders.com.tn\/article\/27246-le-president-de-la-caf-interpelle-par-la-police-francaise-pour-une-affaire-de-corruption-quand-la-justice-immanente-se-manifeste\">Cliquez ici pour lire l&rsquo;article depuis sa source.<\/a><\/p>\n","protected":false},"excerpt":{"rendered":"<p>Moins de 24 heures apr\u00e8s la d\u00e9cision inique de la Caf de faire rejouer la finale retour de la Coupe de la ligue africaine, La justice immanente se manifeste. Le pr\u00e9sident de la Caf Ahmed Ahmed a \u00e9t\u00e9 interpell\u00e9 ce jeudi par l\u2019office anti corruption de la police judiciaire\u00a0 fran\u00e7aise pour des affaires de corruption [&hellip;]<\/p>\n","protected":false},"author":1772,"featured_media":0,"comment_status":"closed","ping_status":"closed","sticky":false,"template":"","format":"standard","meta":{"fifu_image_url":"","fifu_image_alt":"","footnotes":""},"categories":[73,55],"tags":[],"class_list":["post-39077","post","type-post","status-publish","format-standard","hentry","category-actualite","category-tunisie"],"_links":{"self":[{"href":"https:\/\/linitiative.ca\/International\/wp-json\/wp\/v2\/posts\/39077","targetHints":{"allow":["GET"]}}],"collection":[{"href":"https:\/\/linitiative.ca\/International\/wp-json\/wp\/v2\/posts"}],"about":[{"href":"https:\/\/linitiative.ca\/International\/wp-json\/wp\/v2\/types\/post"}],"author":[{"embeddable":true,"href":"https:\/\/linitiative.ca\/International\/wp-json\/wp\/v2\/users\/1772"}],"replies":[{"embeddable":true,"href":"https:\/\/linitiative.ca\/International\/wp-json\/wp\/v2\/comments?post=39077"}],"version-history":[{"count":0,"href":"https:\/\/linitiative.ca\/International\/wp-json\/wp\/v2\/posts\/39077\/revisions"}],"wp:attachment":[{"href":"https:\/\/linitiative.ca\/International\/wp-json\/wp\/v2\/media?parent=39077"}],"wp:term":[{"taxonomy":"category","embeddable":true,"href":"https:\/\/linitiative.ca\/International\/wp-json\/wp\/v2\/categories?post=39077"},{"taxonomy":"post_tag","embeddable":true,"href":"https:\/\/linitiative.ca\/International\/wp-json\/wp\/v2\/tags?post=39077"}],"curies":[{"name":"wp","href":"https:\/\/api.w.org\/{rel}","templated":true}]}}