{"id":39080,"date":"2019-06-06T12:17:03","date_gmt":"2019-06-06T16:17:03","guid":{"rendered":"https:\/\/linitiative.ca\/International\/ahmad-ahmad-interroge-par-les-autorites-francaises\/"},"modified":"2019-06-06T12:17:03","modified_gmt":"2019-06-06T16:17:03","slug":"ahmad-ahmad-interroge-par-les-autorites-francaises","status":"publish","type":"post","link":"https:\/\/linitiative.ca\/International\/ahmad-ahmad-interroge-par-les-autorites-francaises\/","title":{"rendered":"Ahmad Ahmad interrog\u00e9 par les autorit\u00e9s fran\u00e7aises"},"content":{"rendered":"<p>Le pr\u00e9sident de la Conf\u00e9d\u00e9ration africaine de football (CAF) Ahmad Ahmad \u00ab\u00a0est interrog\u00e9 par les autorit\u00e9s fran\u00e7aises\u00a0\u00bb, a indiqu\u00e9 jeudi la FIFA, alors que Jeune Afrique \u00e9voque une interpellation pour rupture unilat\u00e9rale de contrat avec un \u00e9quipementier.<\/p>\n<div class=\"c10\"\/>\n<p>La FIFA \u00ab\u00a0prend note des \u00e9v\u00e8nements pr\u00e9sum\u00e9s concernant M. Ahmad Ahmad, qui est interrog\u00e9 par les autorit\u00e9s fran\u00e7aises\u00a0\u00bb pour des \u00ab\u00a0all\u00e9gations li\u00e9s \u00e0 son mandat de pr\u00e9sident de la <strong>CAF<\/strong>\u00ab\u00a0.<\/p>\n<p>La f\u00e9d\u00e9ration internationale ne conna\u00eet pas \u00ab\u00a0les d\u00e9tails\u00a0\u00bb de cette enqu\u00eate, n\u2019est pas en mesure de \u00ab\u00a0commenter\u00a0\u00bb et demande \u00ab\u00a0aux autorit\u00e9s fran\u00e7aises toute information\u00a0\u00bb qui pourrait int\u00e9resser son \u00ab\u00a0comit\u00e9 d\u2019\u00e9thique\u00a0\u00bb, soit la justice interne du football mondial.<\/p>\n<p>Ahmad Ahmad est pr\u00e9sent \u00e0 <strong>Paris<\/strong> dans le cadre du Congr\u00e8s \u00e9lectif de la FIFA qui s\u2019est tenu dans la capitale fran\u00e7aise mercredi, juste avant le coup d\u2019envoi du Mondial f\u00e9minin vendredi au Parc des Princes.<\/p>\n<p>Selon Jeune Afrique \u00ab\u00a0<strong>Ahmad Ahmad<\/strong> a \u00e9t\u00e9 interpell\u00e9 ce jeudi vers 08h30, pour \u00eatre entendu\u00a0\u00bb au sujet d\u2019un \u00ab\u00a0contrat rompu unilat\u00e9ralement par la CAF avec l\u2019\u00e9quipementier allemand Puma\u00a0\u00bb.<\/p>\n<div class=\"c17\">\n<fieldset class=\"c16\">\n<legend><strong><span class=\"c11\">Challenge<\/span><span class=\"c12\">news<\/span><\/strong><\/legend>\n<div class=\"c15\">Le meilleur de la r\u00e9daction s\u00e9lectionn\u00e9 par Challenge :<\/p>\n<\/div>\n<\/fieldset>\n<\/div>\n<p>Auteur: challenge<br \/>\n<a href=\"https:\/\/www.challenge.ma\/ahmad-ahmad-interroge-par-les-autorites-francaises-110358\/\">Cliquez ici pour lire l&rsquo;article depuis sa source.<\/a><\/p>\n","protected":false},"excerpt":{"rendered":"<p>Le pr\u00e9sident de la Conf\u00e9d\u00e9ration africaine de football (CAF) Ahmad Ahmad \u00ab\u00a0est interrog\u00e9 par les autorit\u00e9s fran\u00e7aises\u00a0\u00bb, a indiqu\u00e9 jeudi la FIFA, alors que Jeune Afrique \u00e9voque une interpellation pour rupture unilat\u00e9rale de contrat avec un \u00e9quipementier. La FIFA \u00ab\u00a0prend note des \u00e9v\u00e8nements pr\u00e9sum\u00e9s concernant M. Ahmad Ahmad, qui est interrog\u00e9 par les autorit\u00e9s fran\u00e7aises\u00a0\u00bb [&hellip;]<\/p>\n","protected":false},"author":1787,"featured_media":0,"comment_status":"closed","ping_status":"closed","sticky":false,"template":"","format":"standard","meta":{"fifu_image_url":"","fifu_image_alt":"","footnotes":""},"categories":[78,54],"tags":[],"class_list":["post-39080","post","type-post","status-publish","format-standard","hentry","category-economie","category-maroc"],"_links":{"self":[{"href":"https:\/\/linitiative.ca\/International\/wp-json\/wp\/v2\/posts\/39080","targetHints":{"allow":["GET"]}}],"collection":[{"href":"https:\/\/linitiative.ca\/International\/wp-json\/wp\/v2\/posts"}],"about":[{"href":"https:\/\/linitiative.ca\/International\/wp-json\/wp\/v2\/types\/post"}],"author":[{"embeddable":true,"href":"https:\/\/linitiative.ca\/International\/wp-json\/wp\/v2\/users\/1787"}],"replies":[{"embeddable":true,"href":"https:\/\/linitiative.ca\/International\/wp-json\/wp\/v2\/comments?post=39080"}],"version-history":[{"count":0,"href":"https:\/\/linitiative.ca\/International\/wp-json\/wp\/v2\/posts\/39080\/revisions"}],"wp:attachment":[{"href":"https:\/\/linitiative.ca\/International\/wp-json\/wp\/v2\/media?parent=39080"}],"wp:term":[{"taxonomy":"category","embeddable":true,"href":"https:\/\/linitiative.ca\/International\/wp-json\/wp\/v2\/categories?post=39080"},{"taxonomy":"post_tag","embeddable":true,"href":"https:\/\/linitiative.ca\/International\/wp-json\/wp\/v2\/tags?post=39080"}],"curies":[{"name":"wp","href":"https:\/\/api.w.org\/{rel}","templated":true}]}}