{"id":39083,"date":"2019-06-06T13:30:38","date_gmt":"2019-06-06T17:30:38","guid":{"rendered":"https:\/\/linitiative.ca\/International\/quatre-morts-et-des-milliers-de-deplaces-apres-des-inondations-au-sud-ouest-libyen\/"},"modified":"2019-06-06T13:30:38","modified_gmt":"2019-06-06T17:30:38","slug":"quatre-morts-et-des-milliers-de-deplaces-apres-des-inondations-au-sud-ouest-libyen","status":"publish","type":"post","link":"https:\/\/linitiative.ca\/International\/quatre-morts-et-des-milliers-de-deplaces-apres-des-inondations-au-sud-ouest-libyen\/","title":{"rendered":"Quatre morts et des milliers de d\u00e9plac\u00e9s apr\u00e8s des inondations au sud-ouest libyen"},"content":{"rendered":"<div class=\"post-cont-in left relative\">\n<div class=\"swp_social_panel swp_horizontal_panel swp_flat_fresh swp_default_full_color swp_individual_full_color swp_other_full_color scale-100 scale-\" data-min-width=\"1100\" data-float-color=\"#ffffff\" data-float=\"none\" data-float-mobile=\"none\" data-transition=\"slide\">\n<div class=\"nc_tweetContainer swp_share_button total_shares total_sharesalt\"><span class=\"swp_count\">31 <span class=\"swp_label\">Partages<\/span><\/span><\/div>\n<\/div>\n<p>Les autorit\u00e9s libyennes ont annonc\u00e9 que le bilan des pluies et inondations qui s\u00e9vissent dans le sud-ouest libyen, depuis lundi dernier, s\u2019\u00e9l\u00e8ve \u00e0 quatre morts dont trois enfants, le d\u00e9placement de pr\u00e8s de 2500 personnes fuyant la mont\u00e9e des eaux,\u00a0ainsi que le d\u00e9bordement des\u00a0oueds en provenance du territoire alg\u00e9rien.<\/p>\n<div class=\"mvp-org-wrap mvp-org-logo\" itemprop=\"publisher\" itemscope=\"\" itemtype=\"https:\/\/schema.org\/Organization\"><img decoding=\"async\" src=\"https:\/\/www.tunisienumerique.com\/wp-content\/uploads\/2017\/02\/logo_tunisie_numerique.png\"\/><\/div>\n<div class=\"swp_social_panel swp_horizontal_panel swp_flat_fresh swp_default_full_color swp_individual_full_color swp_other_full_color scale-100 scale-\" data-min-width=\"1100\" data-float-color=\"#ffffff\" data-float=\"none\" data-float-mobile=\"none\" data-transition=\"slide\">\n<div class=\"nc_tweetContainer swp_share_button total_shares total_sharesalt\"><span class=\"swp_count\">31 <span class=\"swp_label\">Partages<\/span><\/span><\/div>\n<\/div>\n<div class=\"mvp-related-posts left relative\">\n<h4 class=\"post-header\"><span class=\"post-header\">Lire aussi<\/span><\/h4>\n<\/div>\n<\/div>\n<p>Auteur: LM<br \/>\n<a href=\"https:\/\/www.tunisienumerique.com\/quatre-morts-et-des-milliers-de-deplaces-apres-des-inondations-au-sud-ouest-libyen\/\">Cliquez ici pour lire l&rsquo;article depuis sa source.<\/a><\/p>\n","protected":false},"excerpt":{"rendered":"<p>31 Partages Les autorit\u00e9s libyennes ont annonc\u00e9 que le bilan des pluies et inondations qui s\u00e9vissent dans le sud-ouest libyen, depuis lundi dernier, s\u2019\u00e9l\u00e8ve \u00e0 quatre morts dont trois enfants, le d\u00e9placement de pr\u00e8s de 2500 personnes fuyant la mont\u00e9e des eaux,\u00a0ainsi que le d\u00e9bordement des\u00a0oueds en provenance du territoire alg\u00e9rien. 31 Partages Lire aussi [&hellip;]<\/p>\n","protected":false},"author":1789,"featured_media":39084,"comment_status":"closed","ping_status":"closed","sticky":false,"template":"","format":"standard","meta":{"fifu_image_url":"","fifu_image_alt":"","footnotes":""},"categories":[73,55],"tags":[],"class_list":["post-39083","post","type-post","status-publish","format-standard","has-post-thumbnail","hentry","category-actualite","category-tunisie"],"_links":{"self":[{"href":"https:\/\/linitiative.ca\/International\/wp-json\/wp\/v2\/posts\/39083","targetHints":{"allow":["GET"]}}],"collection":[{"href":"https:\/\/linitiative.ca\/International\/wp-json\/wp\/v2\/posts"}],"about":[{"href":"https:\/\/linitiative.ca\/International\/wp-json\/wp\/v2\/types\/post"}],"author":[{"embeddable":true,"href":"https:\/\/linitiative.ca\/International\/wp-json\/wp\/v2\/users\/1789"}],"replies":[{"embeddable":true,"href":"https:\/\/linitiative.ca\/International\/wp-json\/wp\/v2\/comments?post=39083"}],"version-history":[{"count":0,"href":"https:\/\/linitiative.ca\/International\/wp-json\/wp\/v2\/posts\/39083\/revisions"}],"wp:featuredmedia":[{"embeddable":true,"href":"https:\/\/linitiative.ca\/International\/wp-json\/"}],"wp:attachment":[{"href":"https:\/\/linitiative.ca\/International\/wp-json\/wp\/v2\/media?parent=39083"}],"wp:term":[{"taxonomy":"category","embeddable":true,"href":"https:\/\/linitiative.ca\/International\/wp-json\/wp\/v2\/categories?post=39083"},{"taxonomy":"post_tag","embeddable":true,"href":"https:\/\/linitiative.ca\/International\/wp-json\/wp\/v2\/tags?post=39083"}],"curies":[{"name":"wp","href":"https:\/\/api.w.org\/{rel}","templated":true}]}}