{"id":39087,"date":"2019-06-06T13:46:31","date_gmt":"2019-06-06T17:46:31","guid":{"rendered":"https:\/\/linitiative.ca\/International\/tunisie-video-des-migrants-bloques-a-bord-dune-barge-au-large-de-zarzis-en-greve-de-faim-et-menacent-de-se-jeter-a-la-mer\/"},"modified":"2019-06-06T13:46:31","modified_gmt":"2019-06-06T17:46:31","slug":"tunisie-video-des-migrants-bloques-a-bord-dune-barge-au-large-de-zarzis-en-greve-de-faim-et-menacent-de-se-jeter-a-la-mer","status":"publish","type":"post","link":"https:\/\/linitiative.ca\/International\/tunisie-video-des-migrants-bloques-a-bord-dune-barge-au-large-de-zarzis-en-greve-de-faim-et-menacent-de-se-jeter-a-la-mer\/","title":{"rendered":"Tunisie \u2013 VIDEO\u00a0: Des migrants bloqu\u00e9s \u00e0 bord d\u2019une barge au large de Zarzis en gr\u00e8ve de faim et menacent de se jeter \u00e0 la mer"},"content":{"rendered":"<div class=\"post-cont-in left relative\">\n<div class=\"swp_social_panel swp_horizontal_panel swp_flat_fresh swp_default_full_color swp_individual_full_color swp_other_full_color scale-100 scale-\" data-min-width=\"1100\" data-float-color=\"#ffffff\" data-float=\"none\" data-float-mobile=\"none\" data-transition=\"slide\">\n<div class=\"nc_tweetContainer swp_share_button total_shares total_sharesalt\"><span class=\"swp_count\">68 <span class=\"swp_label\">Partages<\/span><\/span><\/div>\n<\/div>\n<p>Des migrants clandestins rep\u00each\u00e9s par une barge se trouvent bloqu\u00e9s en rade du port de\u00a0 Zarzis, n\u2019ayant pas obtenu l\u2019autorisation de d\u00e9barquer sur le sol tunisien. Lass\u00e9s d\u2019attendre depuis pr\u00e8s d\u2019une semaine, ces individus ont entam\u00e9 une gr\u00e8ve de la fai, et menacent de se jeter \u00e0 la mer si les autorit\u00e9s tunisiennes leur refusent encore longtemps l\u2019acc\u00e8s \u00e0 Zarzis.<\/p>\n<div class=\"mvp-org-wrap mvp-org-logo\" itemprop=\"publisher\" itemscope=\"\" itemtype=\"https:\/\/schema.org\/Organization\"><img decoding=\"async\" src=\"https:\/\/www.tunisienumerique.com\/wp-content\/uploads\/2017\/02\/logo_tunisie_numerique.png\"\/><\/div>\n<div class=\"swp_social_panel swp_horizontal_panel swp_flat_fresh swp_default_full_color swp_individual_full_color swp_other_full_color scale-100 scale-\" data-min-width=\"1100\" data-float-color=\"#ffffff\" data-float=\"none\" data-float-mobile=\"none\" data-transition=\"slide\">\n<div class=\"nc_tweetContainer swp_share_button total_shares total_sharesalt\"><span class=\"swp_count\">68 <span class=\"swp_label\">Partages<\/span><\/span><\/div>\n<\/div>\n<div class=\"mvp-related-posts left relative\">\n<h4 class=\"post-header\"><span class=\"post-header\">Lire aussi<\/span><\/h4>\n<\/div>\n<\/div>\n<p>Auteur: LM<br \/>\n<a href=\"https:\/\/www.tunisienumerique.com\/tunisie-video-des-migrants-bloques-a-bord-dune-barge-au-large-de-zarzis-en-greve-de-faim-et-menacent-de-se-jeter-a-la-mer\/\">Cliquez ici pour lire l&rsquo;article depuis sa source.<\/a><\/p>\n","protected":false},"excerpt":{"rendered":"<p>68 Partages Des migrants clandestins rep\u00each\u00e9s par une barge se trouvent bloqu\u00e9s en rade du port de\u00a0 Zarzis, n\u2019ayant pas obtenu l\u2019autorisation de d\u00e9barquer sur le sol tunisien. Lass\u00e9s d\u2019attendre depuis pr\u00e8s d\u2019une semaine, ces individus ont entam\u00e9 une gr\u00e8ve de la fai, et menacent de se jeter \u00e0 la mer si les autorit\u00e9s tunisiennes [&hellip;]<\/p>\n","protected":false},"author":1789,"featured_media":39088,"comment_status":"closed","ping_status":"closed","sticky":false,"template":"","format":"standard","meta":{"fifu_image_url":"","fifu_image_alt":"","footnotes":""},"categories":[73,55],"tags":[],"class_list":["post-39087","post","type-post","status-publish","format-standard","has-post-thumbnail","hentry","category-actualite","category-tunisie"],"_links":{"self":[{"href":"https:\/\/linitiative.ca\/International\/wp-json\/wp\/v2\/posts\/39087","targetHints":{"allow":["GET"]}}],"collection":[{"href":"https:\/\/linitiative.ca\/International\/wp-json\/wp\/v2\/posts"}],"about":[{"href":"https:\/\/linitiative.ca\/International\/wp-json\/wp\/v2\/types\/post"}],"author":[{"embeddable":true,"href":"https:\/\/linitiative.ca\/International\/wp-json\/wp\/v2\/users\/1789"}],"replies":[{"embeddable":true,"href":"https:\/\/linitiative.ca\/International\/wp-json\/wp\/v2\/comments?post=39087"}],"version-history":[{"count":0,"href":"https:\/\/linitiative.ca\/International\/wp-json\/wp\/v2\/posts\/39087\/revisions"}],"wp:featuredmedia":[{"embeddable":true,"href":"https:\/\/linitiative.ca\/International\/wp-json\/"}],"wp:attachment":[{"href":"https:\/\/linitiative.ca\/International\/wp-json\/wp\/v2\/media?parent=39087"}],"wp:term":[{"taxonomy":"category","embeddable":true,"href":"https:\/\/linitiative.ca\/International\/wp-json\/wp\/v2\/categories?post=39087"},{"taxonomy":"post_tag","embeddable":true,"href":"https:\/\/linitiative.ca\/International\/wp-json\/wp\/v2\/tags?post=39087"}],"curies":[{"name":"wp","href":"https:\/\/api.w.org\/{rel}","templated":true}]}}