{"id":39089,"date":"2019-06-06T13:53:30","date_gmt":"2019-06-06T17:53:30","guid":{"rendered":"https:\/\/linitiative.ca\/International\/coupe-de-tunisie-le-css-rejoint-less-en-finale\/"},"modified":"2019-06-06T13:53:30","modified_gmt":"2019-06-06T17:53:30","slug":"coupe-de-tunisie-le-css-rejoint-less-en-finale","status":"publish","type":"post","link":"https:\/\/linitiative.ca\/International\/coupe-de-tunisie-le-css-rejoint-less-en-finale\/","title":{"rendered":"Coupe de Tunisie : Le CSS rejoint l\u2019ESS en finale"},"content":{"rendered":"<div class=\"nc_socialPanel swp_flatFresh swp_d_fullColor swp_i_fullColor swp_o_fullColor scale-100 scale-fullWidth\" data-position=\"none\" data-float=\"floatNone\" data-count=\"5\" data-floatcolor=\"#ffffff\" data-emphasize=\"0\">\n<div class=\"nc_tweetContainer totes totesalt\" data-id=\"6\"><span class=\"swp_count\"><span class=\"swp_label\">Partages<\/span> 0<\/span><\/div>\n<\/div>\n<p>\u00c0 l\u2019issue de la s\u00e9ance de tirs au but, le Club Sportif Sfaxien s\u2019est qualifi\u00e9 pour la finale de la Coupe de Tunisie en dominant l\u2019Esp\u00e9rance Sportive de Tunis (1-1, 4-2 TAB). Les \u201cSudistes\u201d affronteront l\u2019Etoile Sportive du Sahel en finale.<\/p>\n<p>Au bout d\u2019un match de tr\u00e8s bon niveau, l\u2019Esp\u00e9rance de Tunis a fait la diff\u00e9rence \u00e0 la 61\u00e8me minute par Taha Yassine\u00a0Khenissi\u00a0sur un tir surpuissant qui a trouv\u00e9 la lacune du gardien Sfaxien Aymen\u00a0Dahmen. Mais l\u2019attaquant du Club Sfaxien a \u00e9galis\u00e9 la marque \u00e0 la 78\u00e8me minute envoyant les deux \u00e9quipes vers la s\u00e9ance de tirs au but apr\u00e8s\u00a0deux\u00a0p\u00e9riodes suppl\u00e9mentaires st\u00e9riles.<\/p>\n<div class=\"code-block code-block-1 c5\"><ins class=\"adsbygoogle c4\" data-ad-layout=\"in-article\" data-ad-format=\"fluid\" data-ad-client=\"ca-pub-2102118777505746\" data-ad-slot=\"7301775417\"\/> <\/div>\n<p>Aux penalties, les Sfaxiens peuvent remercier leur portier\u00a0Dahmen\u00a0qui a arr\u00eat\u00e9 deux tirs.<\/p>\n<p>Le CSS retrouvent l\u2019ESS en finale de la Coupe qui se d\u00e9roulera apr\u00e8s la Coupe d\u2019Afrique des nations 2019.<\/p>\n<div class=\"mvp-org-wrap mvp-org-logo\" itemprop=\"publisher\" itemscope=\"\" itemtype=\"https:\/\/schema.org\/Organization\"><img decoding=\"async\" src=\"https:\/\/sport.tunisienumerique.com\/wp-content\/uploads\/2017\/05\/logo_tunisie_numerique.png\"\/><\/div>\n<div class=\"nc_socialPanel swp_flatFresh swp_d_fullColor swp_i_fullColor swp_o_fullColor scale-100 scale-fullWidth\" data-position=\"none\" data-float=\"floatNone\" data-count=\"5\" data-floatcolor=\"#ffffff\" data-emphasize=\"0\">\n<div class=\"nc_tweetContainer totes totesalt\" data-id=\"6\"><span class=\"swp_count\"><span class=\"swp_label\">Partages<\/span> 0<\/span><\/div>\n<\/div>\n<div class=\"mvp-related-posts left relative\">\n<h4 class=\"post-header\"><span class=\"post-header\">Lire aussi<\/span><\/h4>\n<\/div>\n<p>Auteur: a.<br \/>\n<a href=\"https:\/\/sport.tunisienumerique.com\/coupe-de-tunisie-css-rejoint-less-finale\/\">Cliquez ici pour lire l&rsquo;article depuis sa source.<\/a><\/p>\n","protected":false},"excerpt":{"rendered":"<p>Partages 0 \u00c0 l\u2019issue de la s\u00e9ance de tirs au but, le Club Sportif Sfaxien s\u2019est qualifi\u00e9 pour la finale de la Coupe de Tunisie en dominant l\u2019Esp\u00e9rance Sportive de Tunis (1-1, 4-2 TAB). Les \u201cSudistes\u201d affronteront l\u2019Etoile Sportive du Sahel en finale. Au bout d\u2019un match de tr\u00e8s bon niveau, l\u2019Esp\u00e9rance de Tunis a [&hellip;]<\/p>\n","protected":false},"author":1789,"featured_media":39090,"comment_status":"closed","ping_status":"closed","sticky":false,"template":"","format":"standard","meta":{"fifu_image_url":"","fifu_image_alt":"","footnotes":""},"categories":[73,55],"tags":[],"class_list":["post-39089","post","type-post","status-publish","format-standard","has-post-thumbnail","hentry","category-actualite","category-tunisie"],"_links":{"self":[{"href":"https:\/\/linitiative.ca\/International\/wp-json\/wp\/v2\/posts\/39089","targetHints":{"allow":["GET"]}}],"collection":[{"href":"https:\/\/linitiative.ca\/International\/wp-json\/wp\/v2\/posts"}],"about":[{"href":"https:\/\/linitiative.ca\/International\/wp-json\/wp\/v2\/types\/post"}],"author":[{"embeddable":true,"href":"https:\/\/linitiative.ca\/International\/wp-json\/wp\/v2\/users\/1789"}],"replies":[{"embeddable":true,"href":"https:\/\/linitiative.ca\/International\/wp-json\/wp\/v2\/comments?post=39089"}],"version-history":[{"count":0,"href":"https:\/\/linitiative.ca\/International\/wp-json\/wp\/v2\/posts\/39089\/revisions"}],"wp:featuredmedia":[{"embeddable":true,"href":"https:\/\/linitiative.ca\/International\/wp-json\/"}],"wp:attachment":[{"href":"https:\/\/linitiative.ca\/International\/wp-json\/wp\/v2\/media?parent=39089"}],"wp:term":[{"taxonomy":"category","embeddable":true,"href":"https:\/\/linitiative.ca\/International\/wp-json\/wp\/v2\/categories?post=39089"},{"taxonomy":"post_tag","embeddable":true,"href":"https:\/\/linitiative.ca\/International\/wp-json\/wp\/v2\/tags?post=39089"}],"curies":[{"name":"wp","href":"https:\/\/api.w.org\/{rel}","templated":true}]}}