{"id":39093,"date":"2019-06-06T14:15:04","date_gmt":"2019-06-06T18:15:04","guid":{"rendered":"https:\/\/linitiative.ca\/International\/tunisie-beja-decouverte-du-cadavre-dun-octogenaire-dans-la-medina\/"},"modified":"2019-06-06T14:15:04","modified_gmt":"2019-06-06T18:15:04","slug":"tunisie-beja-decouverte-du-cadavre-dun-octogenaire-dans-la-medina","status":"publish","type":"post","link":"https:\/\/linitiative.ca\/International\/tunisie-beja-decouverte-du-cadavre-dun-octogenaire-dans-la-medina\/","title":{"rendered":"Tunisie \u2013 Beja\u00a0: D\u00e9couverte du cadavre d\u2019un octog\u00e9naire dans la M\u00e9dina"},"content":{"rendered":"<div class=\"post-cont-in left relative\">\n<div class=\"swp_social_panel swp_horizontal_panel swp_flat_fresh swp_default_full_color swp_individual_full_color swp_other_full_color scale-100 scale-\" data-min-width=\"1100\" data-float-color=\"#ffffff\" data-float=\"none\" data-float-mobile=\"none\" data-transition=\"slide\">\n<div class=\"nc_tweetContainer swp_share_button total_shares total_sharesalt\"><span class=\"swp_count\">12 <span class=\"swp_label\">Partages<\/span><\/span><\/div>\n<\/div>\n<p>Des citoyens ont fait, ce jeudi, la fun\u00e8bre d\u00e9couverte du cadavre d\u2019un homme \u00e2g\u00e9 de 80 ans, dans une maison abandonn\u00e9e dans la M\u00e9dina de B\u00e9ja, \u00e0 c\u00f4t\u00e9 de la grande mosqu\u00e9e.<\/p>\n<p>Le vieil homme avait pour habitude de s\u2019installer dans les environs de la mosqu\u00e9e.<\/p>\n<div class=\"code-block code-block-1 c3\"><ins class=\"adsbygoogle c2\" data-ad-layout=\"in-article\" data-ad-format=\"fluid\" data-ad-client=\"ca-pub-2102118777505746\" data-ad-slot=\"7301775417\"\/> <\/div>\n<p>Le parquet a ordonn\u00e9 le transfert du cadavre vers l\u2019un des h\u00f4pitaux de la capitale, pour les besoins de l\u2019autopsie.<\/p>\n<div class=\"mvp-org-wrap mvp-org-logo\" itemprop=\"publisher\" itemscope=\"\" itemtype=\"https:\/\/schema.org\/Organization\"><img decoding=\"async\" src=\"https:\/\/www.tunisienumerique.com\/wp-content\/uploads\/2017\/02\/logo_tunisie_numerique.png\"\/><\/div>\n<div class=\"swp_social_panel swp_horizontal_panel swp_flat_fresh swp_default_full_color swp_individual_full_color swp_other_full_color scale-100 scale-\" data-min-width=\"1100\" data-float-color=\"#ffffff\" data-float=\"none\" data-float-mobile=\"none\" data-transition=\"slide\">\n<div class=\"nc_tweetContainer swp_share_button total_shares total_sharesalt\"><span class=\"swp_count\">12 <span class=\"swp_label\">Partages<\/span><\/span><\/div>\n<\/div>\n<div class=\"mvp-related-posts left relative\">\n<h4 class=\"post-header\"><span class=\"post-header\">Lire aussi<\/span><\/h4>\n<\/div>\n<\/div>\n<p>Auteur: LM<br \/>\n<a href=\"https:\/\/www.tunisienumerique.com\/tunisie-beja-decouverte-du-cadavre-dun-octogenaire-dans-la-medina\/\">Cliquez ici pour lire l&rsquo;article depuis sa source.<\/a><\/p>\n","protected":false},"excerpt":{"rendered":"<p>12 Partages Des citoyens ont fait, ce jeudi, la fun\u00e8bre d\u00e9couverte du cadavre d\u2019un homme \u00e2g\u00e9 de 80 ans, dans une maison abandonn\u00e9e dans la M\u00e9dina de B\u00e9ja, \u00e0 c\u00f4t\u00e9 de la grande mosqu\u00e9e. Le vieil homme avait pour habitude de s\u2019installer dans les environs de la mosqu\u00e9e. Le parquet a ordonn\u00e9 le transfert du [&hellip;]<\/p>\n","protected":false},"author":1789,"featured_media":39094,"comment_status":"closed","ping_status":"closed","sticky":false,"template":"","format":"standard","meta":{"fifu_image_url":"","fifu_image_alt":"","footnotes":""},"categories":[73,55],"tags":[],"class_list":["post-39093","post","type-post","status-publish","format-standard","has-post-thumbnail","hentry","category-actualite","category-tunisie"],"_links":{"self":[{"href":"https:\/\/linitiative.ca\/International\/wp-json\/wp\/v2\/posts\/39093","targetHints":{"allow":["GET"]}}],"collection":[{"href":"https:\/\/linitiative.ca\/International\/wp-json\/wp\/v2\/posts"}],"about":[{"href":"https:\/\/linitiative.ca\/International\/wp-json\/wp\/v2\/types\/post"}],"author":[{"embeddable":true,"href":"https:\/\/linitiative.ca\/International\/wp-json\/wp\/v2\/users\/1789"}],"replies":[{"embeddable":true,"href":"https:\/\/linitiative.ca\/International\/wp-json\/wp\/v2\/comments?post=39093"}],"version-history":[{"count":0,"href":"https:\/\/linitiative.ca\/International\/wp-json\/wp\/v2\/posts\/39093\/revisions"}],"wp:featuredmedia":[{"embeddable":true,"href":"https:\/\/linitiative.ca\/International\/wp-json\/"}],"wp:attachment":[{"href":"https:\/\/linitiative.ca\/International\/wp-json\/wp\/v2\/media?parent=39093"}],"wp:term":[{"taxonomy":"category","embeddable":true,"href":"https:\/\/linitiative.ca\/International\/wp-json\/wp\/v2\/categories?post=39093"},{"taxonomy":"post_tag","embeddable":true,"href":"https:\/\/linitiative.ca\/International\/wp-json\/wp\/v2\/tags?post=39093"}],"curies":[{"name":"wp","href":"https:\/\/api.w.org\/{rel}","templated":true}]}}