{"id":39099,"date":"2019-06-06T16:31:30","date_gmt":"2019-06-06T20:31:30","guid":{"rendered":"https:\/\/linitiative.ca\/International\/tunisie-municipalite-de-lariana-appel-a-la-mobilisation-citoyenne-pour-appliquer-la-loi\/"},"modified":"2019-06-06T16:31:30","modified_gmt":"2019-06-06T20:31:30","slug":"tunisie-municipalite-de-lariana-appel-a-la-mobilisation-citoyenne-pour-appliquer-la-loi","status":"publish","type":"post","link":"https:\/\/linitiative.ca\/International\/tunisie-municipalite-de-lariana-appel-a-la-mobilisation-citoyenne-pour-appliquer-la-loi\/","title":{"rendered":"Tunisie \u2013 Municipalit\u00e9 de l\u2019Ariana\u00a0: Appel \u00e0 la mobilisation citoyenne pour appliquer la loi"},"content":{"rendered":"<div class=\"post-cont-in left relative\">\n<div class=\"swp_social_panel swp_horizontal_panel swp_flat_fresh swp_default_full_color swp_individual_full_color swp_other_full_color scale-100 scale-\" data-min-width=\"1100\" data-float-color=\"#ffffff\" data-float=\"none\" data-float-mobile=\"none\" data-transition=\"slide\">\n<div class=\"nc_tweetContainer swp_share_button total_shares total_sharesalt\"><span class=\"swp_count\">24 <span class=\"swp_label\">Partages<\/span><\/span><\/div>\n<\/div>\n<p>Des citoyens r\u00e9sidents de la municipalit\u00e9 de l\u2019Ariana ont lanc\u00e9 un appel\u00a0\u00e0 la mobilisation citoyenne\u00a0 en manifestant, ce samedi, devant le si\u00e8ge de l\u2019arrondissement d\u2019El Menzah 6. Cet appel fait suite aux difficult\u00e9s rencontr\u00e9es par le conseil municipal \u00e9lu \u00e0 faire appliquer la loi et au refus des services de la police municipale de s\u2019impliquer dans l\u2019ex\u00e9cution des d\u00e9cisions du conseil.<\/p>\n<p>Dans ce cadre, il est \u00e0 rappeler que la conseill\u00e8re \u00e0 la municipalit\u00e9 d\u2019El Menzah 6 s\u2019est faite agresser, la semaine derni\u00e8re, en voulant faire respecter les d\u00e9cisions du conseil municipal, en rapport avec l\u2019arr\u00eat des travaux d\u2019agrandissement entrepris de fa\u00e7on ill\u00e9gale par le propri\u00e9taire d\u2019un kiosque \u00e0 journaux et fruits secs implant\u00e9 devant la fa\u00e7ade du magasin Monoprix. les faits se sont d\u00e9roul\u00e9s en l\u2019absence des agents de la police municipale qui auraient refus\u00e9 d\u2019accompagner les conseillers municipaux.<\/p>\n<div class=\"code-block code-block-1 c3\"><ins class=\"adsbygoogle c2\" data-ad-layout=\"in-article\" data-ad-format=\"fluid\" data-ad-client=\"ca-pub-2102118777505746\" data-ad-slot=\"7301775417\"\/> <\/div>\n<p><img loading=\"lazy\" decoding=\"async\" class=\"aligncenter size-full wp-image-439309\" src=\"https:\/\/www.tunisienumerique.com\/wp-content\/uploads\/2019\/06\/ariana.jpg\" alt=\"\" width=\"595\" height=\"794\"\/><\/p>\n<div class=\"mvp-org-wrap mvp-org-logo\" itemprop=\"publisher\" itemscope=\"\" itemtype=\"https:\/\/schema.org\/Organization\"><img decoding=\"async\" src=\"https:\/\/www.tunisienumerique.com\/wp-content\/uploads\/2017\/02\/logo_tunisie_numerique.png\"\/><\/div>\n<div class=\"swp_social_panel swp_horizontal_panel swp_flat_fresh swp_default_full_color swp_individual_full_color swp_other_full_color scale-100 scale-\" data-min-width=\"1100\" data-float-color=\"#ffffff\" data-float=\"none\" data-float-mobile=\"none\" data-transition=\"slide\">\n<div class=\"nc_tweetContainer swp_share_button total_shares total_sharesalt\"><span class=\"swp_count\">24 <span class=\"swp_label\">Partages<\/span><\/span><\/div>\n<\/div>\n<div class=\"mvp-related-posts left relative\">\n<h4 class=\"post-header\"><span class=\"post-header\">Lire aussi<\/span><\/h4>\n<\/div>\n<\/div>\n<p>Auteur: LM<br \/>\n<a href=\"https:\/\/www.tunisienumerique.com\/tunisie-municipalite-de-lariana-appel-a-la-mobilisation-citoyenne-pour-appliquer-la-loi\/\">Cliquez ici pour lire l&rsquo;article depuis sa source.<\/a><\/p>\n","protected":false},"excerpt":{"rendered":"<p>24 Partages Des citoyens r\u00e9sidents de la municipalit\u00e9 de l\u2019Ariana ont lanc\u00e9 un appel\u00a0\u00e0 la mobilisation citoyenne\u00a0 en manifestant, ce samedi, devant le si\u00e8ge de l\u2019arrondissement d\u2019El Menzah 6. Cet appel fait suite aux difficult\u00e9s rencontr\u00e9es par le conseil municipal \u00e9lu \u00e0 faire appliquer la loi et au refus des services de la police municipale [&hellip;]<\/p>\n","protected":false},"author":1789,"featured_media":39100,"comment_status":"closed","ping_status":"closed","sticky":false,"template":"","format":"standard","meta":{"fifu_image_url":"","fifu_image_alt":"","footnotes":""},"categories":[73,55],"tags":[],"class_list":["post-39099","post","type-post","status-publish","format-standard","has-post-thumbnail","hentry","category-actualite","category-tunisie"],"_links":{"self":[{"href":"https:\/\/linitiative.ca\/International\/wp-json\/wp\/v2\/posts\/39099","targetHints":{"allow":["GET"]}}],"collection":[{"href":"https:\/\/linitiative.ca\/International\/wp-json\/wp\/v2\/posts"}],"about":[{"href":"https:\/\/linitiative.ca\/International\/wp-json\/wp\/v2\/types\/post"}],"author":[{"embeddable":true,"href":"https:\/\/linitiative.ca\/International\/wp-json\/wp\/v2\/users\/1789"}],"replies":[{"embeddable":true,"href":"https:\/\/linitiative.ca\/International\/wp-json\/wp\/v2\/comments?post=39099"}],"version-history":[{"count":0,"href":"https:\/\/linitiative.ca\/International\/wp-json\/wp\/v2\/posts\/39099\/revisions"}],"wp:featuredmedia":[{"embeddable":true,"href":"https:\/\/linitiative.ca\/International\/wp-json\/"}],"wp:attachment":[{"href":"https:\/\/linitiative.ca\/International\/wp-json\/wp\/v2\/media?parent=39099"}],"wp:term":[{"taxonomy":"category","embeddable":true,"href":"https:\/\/linitiative.ca\/International\/wp-json\/wp\/v2\/categories?post=39099"},{"taxonomy":"post_tag","embeddable":true,"href":"https:\/\/linitiative.ca\/International\/wp-json\/wp\/v2\/tags?post=39099"}],"curies":[{"name":"wp","href":"https:\/\/api.w.org\/{rel}","templated":true}]}}