{"id":39101,"date":"2019-06-06T15:18:09","date_gmt":"2019-06-06T19:18:09","guid":{"rendered":"https:\/\/linitiative.ca\/International\/nouvelle-violence-communautaire-en-cote-divoire-apres-lassassinat-dun-chef-de-village\/"},"modified":"2019-06-06T15:18:09","modified_gmt":"2019-06-06T19:18:09","slug":"nouvelle-violence-communautaire-en-cote-divoire-apres-lassassinat-dun-chef-de-village","status":"publish","type":"post","link":"https:\/\/linitiative.ca\/International\/nouvelle-violence-communautaire-en-cote-divoire-apres-lassassinat-dun-chef-de-village\/","title":{"rendered":"Nouvelle violence communautaire en C\u00f4te d\u2019Ivoire apr\u00e8s l\u2019assassinat d\u2019un chef de village"},"content":{"rendered":"<div readability=\"32\">\n<p>Publi\u00e9 le 06.06.2019 \u00e0 20h18 par APA News<\/p>\n<\/div>\n<div readability=\"61\">\n<p>Des violences communautaires occasionnant des sc\u00e8nes de saccage de plusieurs habitations ont \u00e9clat\u00e9, jeudi \u00e0 Zu\u00e9noula dans le centre-ouest du pays, apr\u00e8s l\u2019assassinat la veille (mercredi) d\u2019un chef de village, a appris APA jeudi de source locale.\u00a0Ces nouvelles violences communautaires interviennent moins d\u2019un mois apr\u00e8s celles de B\u00e9oumi dans le centre ivoirien qui ont fait 14 morts.<\/p>\n<p>\u00a0A en croire une source locale, le chef Dj\u00e8 Bi Dj\u00e8 \u00a0a \u00e9t\u00e9 abattu \u00e0 coup de feu par un individu dans la nuit de mercredi \u00e0 jeudi \u00e0 Bohizra, un village dont il est le chef alors qu\u2019il se rendait \u00e0 Zu\u00e9noula.\u00a0<\/p>\n<p>L\u2019assassin non encore identifi\u00e9 aurait pris la poudre d\u2019escampette apr\u00e8s son forfait. Ce drame, pr\u00e9cise cette source, a occasionn\u00e9 des manifestations de col\u00e8re \u00e0 Zu\u00e9noula conduisant au saccage de plusieurs habitations y compris la pr\u00e9fecture de la ville.<\/p>\n<p>Les v\u00e9ritables raisons de l\u2019assassinat de cette autorit\u00e9 traditionnelle sont encore m\u00e9connues m\u00eame si certaines sources \u00e9voquent une crise qui mine la chefferie traditionnelle dans cette localit\u00e9.<\/p>\n<p>\u00a0Les violences communautaires sont l\u00e9gions en C\u00f4te d\u2019Ivoire ces derni\u00e8res ann\u00e9es. Le 15 mai dernier, un conflit communautaire survenu \u00e0 B\u00e9oumi dans le centre ivoirien, a \u00a0fait 14 morts, une centaine de bless\u00e9s et d\u2019importants d\u00e9g\u00e2ts mat\u00e9riels.<\/p>\n<\/div>\n<p>Auteur: APA News<br \/>\n<a href=\"https:\/\/www.journalducameroun.com\/nouvelle-violence-communautaire-en-cote-divoire-apres-lassassinat-dun-chef-de-village\/\">Cliquez ici pour lire l&rsquo;article depuis sa source.<\/a><\/p>\n","protected":false},"excerpt":{"rendered":"<p>Publi\u00e9 le 06.06.2019 \u00e0 20h18 par APA News Des violences communautaires occasionnant des sc\u00e8nes de saccage de plusieurs habitations ont \u00e9clat\u00e9, jeudi \u00e0 Zu\u00e9noula dans le centre-ouest du pays, apr\u00e8s l\u2019assassinat la veille (mercredi) d\u2019un chef de village, a appris APA jeudi de source locale.\u00a0Ces nouvelles violences communautaires interviennent moins d\u2019un mois apr\u00e8s celles de [&hellip;]<\/p>\n","protected":false},"author":1965,"featured_media":0,"comment_status":"closed","ping_status":"closed","sticky":false,"template":"","format":"standard","meta":{"fifu_image_url":"","fifu_image_alt":"","footnotes":""},"categories":[73,82],"tags":[],"class_list":["post-39101","post","type-post","status-publish","format-standard","hentry","category-actualite","category-cameroun"],"_links":{"self":[{"href":"https:\/\/linitiative.ca\/International\/wp-json\/wp\/v2\/posts\/39101","targetHints":{"allow":["GET"]}}],"collection":[{"href":"https:\/\/linitiative.ca\/International\/wp-json\/wp\/v2\/posts"}],"about":[{"href":"https:\/\/linitiative.ca\/International\/wp-json\/wp\/v2\/types\/post"}],"author":[{"embeddable":true,"href":"https:\/\/linitiative.ca\/International\/wp-json\/wp\/v2\/users\/1965"}],"replies":[{"embeddable":true,"href":"https:\/\/linitiative.ca\/International\/wp-json\/wp\/v2\/comments?post=39101"}],"version-history":[{"count":0,"href":"https:\/\/linitiative.ca\/International\/wp-json\/wp\/v2\/posts\/39101\/revisions"}],"wp:attachment":[{"href":"https:\/\/linitiative.ca\/International\/wp-json\/wp\/v2\/media?parent=39101"}],"wp:term":[{"taxonomy":"category","embeddable":true,"href":"https:\/\/linitiative.ca\/International\/wp-json\/wp\/v2\/categories?post=39101"},{"taxonomy":"post_tag","embeddable":true,"href":"https:\/\/linitiative.ca\/International\/wp-json\/wp\/v2\/tags?post=39101"}],"curies":[{"name":"wp","href":"https:\/\/api.w.org\/{rel}","templated":true}]}}