{"id":39103,"date":"2019-06-06T16:18:03","date_gmt":"2019-06-06T20:18:03","guid":{"rendered":"https:\/\/linitiative.ca\/International\/fin-de-ramadan-le-groupe-francais-le-silence-des-mosquees-a-abidjan-pour-un-concert\/"},"modified":"2019-06-06T16:18:03","modified_gmt":"2019-06-06T20:18:03","slug":"fin-de-ramadan-le-groupe-francais-le-silence-des-mosquees-a-abidjan-pour-un-concert","status":"publish","type":"post","link":"https:\/\/linitiative.ca\/International\/fin-de-ramadan-le-groupe-francais-le-silence-des-mosquees-a-abidjan-pour-un-concert\/","title":{"rendered":"Fin de Ramadan: le groupe fran\u00e7ais \u00abLe Silence des mosqu\u00e9es\u00bb  \u00e0 Abidjan  pour un concert"},"content":{"rendered":"<div readability=\"32\">\n<p>Publi\u00e9 le 06.06.2019 \u00e0 21h18 par APA News<\/p>\n<\/div>\n<div readability=\"54\">\n<p>Le groupe fran\u00e7ais, \u00ab Le Silence des mosqu\u00e9es \u00bb est \u00e0 Abidjan pour un concert, vendredi au palais de la culture d\u2019Abidjan, \u00e0 l\u2019occasion de la fin du mois de Ramadan en partenariat avec la Radio nationale islamique, Al Bayane, a appris APA jeudi aupr\u00e8s de ce m\u00e9dia.\u00abNous sommes ici, \u00e0 Abidjan, on vous attend \u00a0pour un spectacle hors du commun \u00bb, a promis Kader Rouba, \u00a0l\u2019un des membres de ce groupe sur les antennes de la radio Al-Bayane, ajoutant que le lien entre son groupe et la C\u00f4te d\u2019Ivoire \u00abest fraternel \u00bb.<\/p>\n<p>\u00ab Vous \u00a0\u00eates un peuple qu\u2019on a adopt\u00e9. C\u2019est toujours un plaisir de venir et de communier avec le public ivoirien \u00bb, a t\u00e9moign\u00e9 Kader.<\/p>\n<p>Le Silence des mosqu\u00e9es \u00a0a \u00e9t\u00e9 cr\u00e9\u00e9 en 1996 par un groupe de jeunes musulmans de l\u2019agglom\u00e9ration dijonnaise (France). La paix, la tol\u00e9rance et \u00a0le partage sont les valeurs promues par ce groupe musical.<\/p>\n<\/div>\n<p>Auteur: APA News<br \/>\n<a href=\"https:\/\/www.journalducameroun.com\/fin-de-ramadan-le-groupe-francais-le-silence-des-mosquees-a-abidjan-pour-un-concert\/\">Cliquez ici pour lire l&rsquo;article depuis sa source.<\/a><\/p>\n","protected":false},"excerpt":{"rendered":"<p>Publi\u00e9 le 06.06.2019 \u00e0 21h18 par APA News Le groupe fran\u00e7ais, \u00ab Le Silence des mosqu\u00e9es \u00bb est \u00e0 Abidjan pour un concert, vendredi au palais de la culture d\u2019Abidjan, \u00e0 l\u2019occasion de la fin du mois de Ramadan en partenariat avec la Radio nationale islamique, Al Bayane, a appris APA jeudi aupr\u00e8s de ce [&hellip;]<\/p>\n","protected":false},"author":1965,"featured_media":0,"comment_status":"closed","ping_status":"closed","sticky":false,"template":"","format":"standard","meta":{"fifu_image_url":"","fifu_image_alt":"","footnotes":""},"categories":[73,82],"tags":[],"class_list":["post-39103","post","type-post","status-publish","format-standard","hentry","category-actualite","category-cameroun"],"_links":{"self":[{"href":"https:\/\/linitiative.ca\/International\/wp-json\/wp\/v2\/posts\/39103","targetHints":{"allow":["GET"]}}],"collection":[{"href":"https:\/\/linitiative.ca\/International\/wp-json\/wp\/v2\/posts"}],"about":[{"href":"https:\/\/linitiative.ca\/International\/wp-json\/wp\/v2\/types\/post"}],"author":[{"embeddable":true,"href":"https:\/\/linitiative.ca\/International\/wp-json\/wp\/v2\/users\/1965"}],"replies":[{"embeddable":true,"href":"https:\/\/linitiative.ca\/International\/wp-json\/wp\/v2\/comments?post=39103"}],"version-history":[{"count":0,"href":"https:\/\/linitiative.ca\/International\/wp-json\/wp\/v2\/posts\/39103\/revisions"}],"wp:attachment":[{"href":"https:\/\/linitiative.ca\/International\/wp-json\/wp\/v2\/media?parent=39103"}],"wp:term":[{"taxonomy":"category","embeddable":true,"href":"https:\/\/linitiative.ca\/International\/wp-json\/wp\/v2\/categories?post=39103"},{"taxonomy":"post_tag","embeddable":true,"href":"https:\/\/linitiative.ca\/International\/wp-json\/wp\/v2\/tags?post=39103"}],"curies":[{"name":"wp","href":"https:\/\/api.w.org\/{rel}","templated":true}]}}