{"id":39104,"date":"2019-06-06T16:50:01","date_gmt":"2019-06-06T20:50:01","guid":{"rendered":"https:\/\/linitiative.ca\/International\/espagne-sanchez-charge-de-former-le-prochain-gouvernement\/"},"modified":"2019-06-06T16:50:01","modified_gmt":"2019-06-06T20:50:01","slug":"espagne-sanchez-charge-de-former-le-prochain-gouvernement","status":"publish","type":"post","link":"https:\/\/linitiative.ca\/International\/espagne-sanchez-charge-de-former-le-prochain-gouvernement\/","title":{"rendered":"Espagne: Sanchez charg\u00e9 de former le prochain gouvernement"},"content":{"rendered":"<div readability=\"32\">\n<p>Publi\u00e9 le 06.06.2019 \u00e0 21h50 par AFP<\/p>\n<\/div>\n<div readability=\"141\">\n<p>Le socialiste Pedro Sanchez, chef du gouvernement sortant, a \u00e9t\u00e9 charg\u00e9 jeudi par le roi d\u2019Espagne de former un nouveau cabinet apr\u00e8s sa victoire aux \u00e9lections mais devra encore n\u00e9gocier avec une multitude de partis pour \u00eatre reconduit.<\/p>\n<p>Felipe VI a \u00ab\u00a0propos\u00e9 Pedro Sanchez comme candidat \u00e0 la pr\u00e9sidence du gouvernement\u00a0\u00bb, a annonc\u00e9 la pr\u00e9sidente de la chambre des d\u00e9put\u00e9s Mertixell Batet, apr\u00e8s la rencontre entre M. Sanchez et le souverain, qui a re\u00e7u depuis mercredi les nombreuses forces politiques pr\u00e9sentes \u00e0 la chambre des d\u00e9put\u00e9s.<\/p>\n<p>\u00ab\u00a0C\u2019est une charge que j\u2019assume avec honneur\u00a0\u00bb et avec \u00ab\u00a0responsabilit\u00e9\u00a0\u00bb, a d\u00e9clar\u00e9 peu de temps apr\u00e8s M. Sanchez devant la presse.<\/p>\n<p>Son investiture pour un mandat de quatre ans, qui devrait avoir lieu d\u00e9but juillet, ne fait gu\u00e8re de doute alors qu\u2019aucun autre chef de parti ne dispose d\u2019assez de voix pour tenter d\u2019obtenir la confiance de la chambre basse.<\/p>\n<p>\u00ab\u00a0Il n\u2019y a pas de majorit\u00e9 alternative \u00e0 celle que propose le Parti socialiste\u00a0\u00bb, a-t-il martel\u00e9.<\/p>\n<p>A droite, les conservateurs du Parti populaire (PP), les lib\u00e9raux de Ciudadanos et l\u2019extr\u00eame droite de Vox ont promis de lui mener la vie dure, mais sont r\u00e9sign\u00e9s \u00e0 \u00eatre dans l\u2019opposition.<\/p>\n<p>Sanchez \u00ab\u00a0tire profit du fait que l\u2019opposition face \u00e0 lui est tr\u00e8s fragment\u00e9e et ne peut pas articuler une majorit\u00e9 alternative\u00a0\u00bb, a comment\u00e9 Pablo Simon, politologue de l\u2019universit\u00e9 Carlos III de Madrid.<\/p>\n<p>Arriv\u00e9 au pouvoir il y a un an \u00e0 la faveur d\u2019une motion de censure contre son pr\u00e9d\u00e9cesseur Mariano Rajoy (PP), le socialiste devrait cette fois obtenir directement la confiance des d\u00e9put\u00e9s, lui qui l\u2019avait tent\u00e9 sans succ\u00e8s en mars 2016.<\/p>\n<p>Pour \u00eatre reconduit, le socialiste de 47 ans aura besoin de 176 voix lors du vote d\u2019investiture, soit la majorit\u00e9 absolue des 350 si\u00e8ges \u00e0 la chambre.<\/p>\n<p>S\u2019il n\u2019atteint pas ce seuil, un second tour devra \u00eatre organis\u00e9 deux jours apr\u00e8s, o\u00f9 une majorit\u00e9 simple lui suffira.<\/p>\n<p>\u2013 N\u00e9gocier \u00e0 17 \u2013<\/p>\n<p>Vainqueur du scrutin du 28 avril et comptant 123 d\u00e9put\u00e9s, le Parti socialiste (PSOE) de M. Sanchez va devoir d\u00e9sormais n\u00e9gocier avec les autres forces d\u2019un paysage politique tr\u00e8s morcel\u00e9: 17 partis sont repr\u00e9sent\u00e9s \u00e0 la chambre.<\/p>\n<p>La coalition de gauche radicale Unidas Podemos, 42 d\u00e9put\u00e9s, s\u2019est d\u00e9j\u00e0 montr\u00e9e dispos\u00e9e \u00e0 voter pour lui mais r\u00e9clame en \u00e9change d\u2019entrer au gouvernement.<\/p>\n<p>Une option que veut \u00e9viter M. Sanchez qui pr\u00e9f\u00e8rerait former un gouvernement socialiste minoritaire et chercher des appuis au cas par cas.<\/p>\n<p>Au-del\u00e0 de Podemos, le PSOE va devoir aussi marchander le soutien d\u2019une multitude de partis r\u00e9gionalistes d\u2019ici au vote d\u2019investiture.<\/p>\n<p>Il veut en revanche se passer de celui des s\u00e9paratistes catalans et basques, de peur d\u2019\u00eatre accus\u00e9 par la droite de leur faire des concessions.<\/p>\n<p>\u00ab\u00a0La fragmentation fait que le gouvernement va devoir se battre pour chaque soutien\u00a0\u00bb, commente Pablo Simon.<\/p>\n<p>Deux semaines apr\u00e8s des \u00e9lections locales, des tractations sont d\u00e9j\u00e0 engag\u00e9es pour former les gouvernements des r\u00e9gions et elles pourraient conditionner les votes \u00e0 la chambre des d\u00e9put\u00e9s.<\/p>\n<p>\u2013 Difficile mandat \u2013<\/p>\n<p>Une fois pass\u00e9 le cap de l\u2019investiture, Pedro Sanchez ne sera pour autant pas tir\u00e9 d\u2019affaire: il devra constituer des majorit\u00e9s au cas par cas pour faire adopter ses lois -dont le budget 2019, toujours dans les cartons- et l\u2019\u00e9pineux dossier catalan promet d\u2019empoisonner son mandat.<\/p>\n<p>De lourdes peines \u00e0 l\u2019automne contre 12 dirigeants ind\u00e9pendantistes, jug\u00e9s par la Cour supr\u00eame pour avoir tent\u00e9 de faire s\u00e9cession de l\u2019Espagne en octobre 2017, pourraient encore durcir l\u2019attitude des s\u00e9paratistes catalans qui ont obtenu 22 d\u00e9put\u00e9s lors des \u00e9lections. Quatre d\u2019entre eux, jug\u00e9s au proc\u00e8s et en d\u00e9tention provisoire, ont toutefois \u00e9t\u00e9 suspendus de leurs fonctions.<\/p>\n<p>Depuis le d\u00e9but du proc\u00e8s, les ind\u00e9pendantistes au pouvoir en Catalogne multiplient les gestes de d\u00e9fiance envers les socialistes. Ils ont pr\u00e9cipit\u00e9 les \u00e9lections anticip\u00e9es en refusant de voter le budget de l\u2019Etat, puis ont emp\u00each\u00e9 l\u2019\u00e9lection d\u2019un proche de Pedro Sanchez \u00e0 la pr\u00e9sidence du S\u00e9nat.<\/p>\n<p>\u00ab\u00a0Le climat est difficile, parce que le proc\u00e8s d\u00e9forme tout\u00a0\u00bb, estime Pablo Simon.<\/p>\n<\/div>\n<p>Auteur: AFP<br \/>\n<a href=\"https:\/\/www.journalducameroun.com\/espagne-sanchez-charge-de-former-le-prochain-gouvernement\/\">Cliquez ici pour lire l&rsquo;article depuis sa source.<\/a><\/p>\n","protected":false},"excerpt":{"rendered":"<p>Publi\u00e9 le 06.06.2019 \u00e0 21h50 par AFP Le socialiste Pedro Sanchez, chef du gouvernement sortant, a \u00e9t\u00e9 charg\u00e9 jeudi par le roi d\u2019Espagne de former un nouveau cabinet apr\u00e8s sa victoire aux \u00e9lections mais devra encore n\u00e9gocier avec une multitude de partis pour \u00eatre reconduit. Felipe VI a \u00ab\u00a0propos\u00e9 Pedro Sanchez comme candidat \u00e0 la [&hellip;]<\/p>\n","protected":false},"author":1965,"featured_media":0,"comment_status":"closed","ping_status":"closed","sticky":false,"template":"","format":"standard","meta":{"fifu_image_url":"","fifu_image_alt":"","footnotes":""},"categories":[73,82],"tags":[],"class_list":["post-39104","post","type-post","status-publish","format-standard","hentry","category-actualite","category-cameroun"],"_links":{"self":[{"href":"https:\/\/linitiative.ca\/International\/wp-json\/wp\/v2\/posts\/39104","targetHints":{"allow":["GET"]}}],"collection":[{"href":"https:\/\/linitiative.ca\/International\/wp-json\/wp\/v2\/posts"}],"about":[{"href":"https:\/\/linitiative.ca\/International\/wp-json\/wp\/v2\/types\/post"}],"author":[{"embeddable":true,"href":"https:\/\/linitiative.ca\/International\/wp-json\/wp\/v2\/users\/1965"}],"replies":[{"embeddable":true,"href":"https:\/\/linitiative.ca\/International\/wp-json\/wp\/v2\/comments?post=39104"}],"version-history":[{"count":0,"href":"https:\/\/linitiative.ca\/International\/wp-json\/wp\/v2\/posts\/39104\/revisions"}],"wp:attachment":[{"href":"https:\/\/linitiative.ca\/International\/wp-json\/wp\/v2\/media?parent=39104"}],"wp:term":[{"taxonomy":"category","embeddable":true,"href":"https:\/\/linitiative.ca\/International\/wp-json\/wp\/v2\/categories?post=39104"},{"taxonomy":"post_tag","embeddable":true,"href":"https:\/\/linitiative.ca\/International\/wp-json\/wp\/v2\/tags?post=39104"}],"curies":[{"name":"wp","href":"https:\/\/api.w.org\/{rel}","templated":true}]}}