{"id":39105,"date":"2019-06-06T16:50:04","date_gmt":"2019-06-06T20:50:04","guid":{"rendered":"https:\/\/linitiative.ca\/International\/election-le-president-algerien-appelle-la-classe-politique-au-dialogue\/"},"modified":"2019-06-06T16:50:04","modified_gmt":"2019-06-06T20:50:04","slug":"election-le-president-algerien-appelle-la-classe-politique-au-dialogue","status":"publish","type":"post","link":"https:\/\/linitiative.ca\/International\/election-le-president-algerien-appelle-la-classe-politique-au-dialogue\/","title":{"rendered":"Election: le pr\u00e9sident alg\u00e9rien appelle la classe politique au dialogue"},"content":{"rendered":"<div readability=\"32\">\n<p>Publi\u00e9 le 06.06.2019 \u00e0 21h50 par AFP<\/p>\n<\/div>\n<div readability=\"96\">\n<p>Le chef de l\u2019Etat par int\u00e9rim en Alg\u00e9rie, Abdelkader Bensalah, a appel\u00e9 jeudi l\u2019ensemble de la classe politique au dialogue afin d\u2019arriver \u00e0 un consensus autour de l\u2019organisation de l\u2019\u00e9lection pr\u00e9sidentielle, \u00e0 la veille de nouvelles manifestations contre le r\u00e9gime.<\/p>\n<p>\u00ab\u00a0J\u2019invite la classe politique, la soci\u00e9t\u00e9 civile et les personnalit\u00e9s patriotiques nationales (\u2026) \u00e0 opter pour la voie du dialogue inclusif en vue\u00a0\u00bb d\u2019organiser \u00ab\u00a0dans les meilleurs d\u00e9lais\u00a0\u00bb, \u00ab\u00a0la prochaine \u00e9ch\u00e9ance pr\u00e9sidentielle\u00a0\u00bb, a d\u00e9clar\u00e9 M. Bensalah dans un discours \u00e0 la Nation retransmis par la t\u00e9l\u00e9vision officielle.<\/p>\n<p>Il a ajout\u00e9 qu\u2019il les invitait \u00ab\u00a0\u00e0 d\u00e9battre de toutes les pr\u00e9occupations portant sur la prochaine \u00e9ch\u00e9ance pr\u00e9sidentielle\u00a0\u00bb afin de \u00ab\u00a0tracer une feuille de route devant aider \u00e0 l\u2019organisation du scrutin dans un climat d\u2019entente et de s\u00e9r\u00e9nit\u00e9\u00a0\u00bb.<\/p>\n<p>Ce discours intervient \u00e0 la veille du 16e vendredi cons\u00e9cutif de contestation, le premier depuis l\u2019annulation par le Conseil constitutionnel de la pr\u00e9sidentielle du 4 juillet.<\/p>\n<p>Conform\u00e9ment \u00e0 la Constitution, M. Bensalah, pr\u00e9sident de la Chambre haute du Parlement, a \u00e9t\u00e9 d\u00e9sign\u00e9 chef de l\u2019Etat par int\u00e9rim le 9 avril, une semaine apr\u00e8s la d\u00e9mission du pr\u00e9sident Abdelaziz Bouteflika, apr\u00e8s 20 ans au pouvoir, sous la pression de la rue et de l\u2019arm\u00e9e.<\/p>\n<p>La Constitution pr\u00e9voit que son int\u00e9rim dure 90 jours, durant lesquels il doit organiser une pr\u00e9sidentielle \u2013qui \u00e9tait pr\u00e9vue le 4 juillet\u2013 et remettre le pouvoir au nouvel \u00e9lu.<\/p>\n<p>Mais, en rejetant le 2 juin les deux seuls dossiers de candidature, le Conseil constitutionnel a constat\u00e9 \u00ab\u00a0l\u2019impossibilit\u00e9\u00a0\u00bb de la tenue du scrutin du 4 juillet.<\/p>\n<p>En chargeant M. Bensalah de \u00ab\u00a0convoquer\u00a0\u00bb une nouvelle \u00e9lection, le Conseil a de facto prolong\u00e9 sine die l\u2019int\u00e9rim, jusqu\u2019\u00e0 la prestation de serment d\u2019un nouveau pr\u00e9sident \u00e9lu.<\/p>\n<p>Le mouvement in\u00e9dit de contestation qui secoue l\u2019Alg\u00e9rie depuis le 22 f\u00e9vrier rejetait massivement cette \u00e9lection refusant que le successeur de M. Bouteflika soit \u00e9lu lors d\u2019un scrutin organis\u00e9 par ses anciens affid\u00e9s et r\u00e9clamant le d\u00e9part de ces derniers.<\/p>\n<p>Fin mai, le chef d\u2019\u00e9tat-major de l\u2019arm\u00e9e, le g\u00e9n\u00e9ral Ahmed Ga\u00efd Salah, avait pr\u00f4n\u00e9 un \u00ab\u00a0dialogue\u00a0\u00bb et des \u00ab\u00a0concessions mutuelles\u00a0\u00bb, tout en continuant d\u2019exiger une pr\u00e9sidentielle \u00ab\u00a0dans les plus brefs d\u00e9lais\u00a0\u00bb et en exclure toute \u00ab\u00a0p\u00e9riode de transition aux cons\u00e9quences incertaines\u00a0\u00bb.<\/p>\n<p>C\u2019est la 2e fois qu\u2019une pr\u00e9sidentielle est annul\u00e9e en moins de trois mois. Incapable de calmer la contestation contre sa volont\u00e9 de briguer un 5e mandat, M. Bouteflika avait d\u00e9j\u00e0 annul\u00e9 la pr\u00e9sidentielle du 18 avril, tentant de fait de prolonger sine die son mandat en cours.<\/p>\n<\/div>\n<p>Auteur: AFP<br \/>\n<a href=\"https:\/\/www.journalducameroun.com\/election-le-president-algerien-appelle-la-classe-politique-au-dialogue\/\">Cliquez ici pour lire l&rsquo;article depuis sa source.<\/a><\/p>\n","protected":false},"excerpt":{"rendered":"<p>Publi\u00e9 le 06.06.2019 \u00e0 21h50 par AFP Le chef de l\u2019Etat par int\u00e9rim en Alg\u00e9rie, Abdelkader Bensalah, a appel\u00e9 jeudi l\u2019ensemble de la classe politique au dialogue afin d\u2019arriver \u00e0 un consensus autour de l\u2019organisation de l\u2019\u00e9lection pr\u00e9sidentielle, \u00e0 la veille de nouvelles manifestations contre le r\u00e9gime. \u00ab\u00a0J\u2019invite la classe politique, la soci\u00e9t\u00e9 civile et [&hellip;]<\/p>\n","protected":false},"author":1965,"featured_media":0,"comment_status":"closed","ping_status":"closed","sticky":false,"template":"","format":"standard","meta":{"fifu_image_url":"","fifu_image_alt":"","footnotes":""},"categories":[73,82],"tags":[],"class_list":["post-39105","post","type-post","status-publish","format-standard","hentry","category-actualite","category-cameroun"],"_links":{"self":[{"href":"https:\/\/linitiative.ca\/International\/wp-json\/wp\/v2\/posts\/39105","targetHints":{"allow":["GET"]}}],"collection":[{"href":"https:\/\/linitiative.ca\/International\/wp-json\/wp\/v2\/posts"}],"about":[{"href":"https:\/\/linitiative.ca\/International\/wp-json\/wp\/v2\/types\/post"}],"author":[{"embeddable":true,"href":"https:\/\/linitiative.ca\/International\/wp-json\/wp\/v2\/users\/1965"}],"replies":[{"embeddable":true,"href":"https:\/\/linitiative.ca\/International\/wp-json\/wp\/v2\/comments?post=39105"}],"version-history":[{"count":0,"href":"https:\/\/linitiative.ca\/International\/wp-json\/wp\/v2\/posts\/39105\/revisions"}],"wp:attachment":[{"href":"https:\/\/linitiative.ca\/International\/wp-json\/wp\/v2\/media?parent=39105"}],"wp:term":[{"taxonomy":"category","embeddable":true,"href":"https:\/\/linitiative.ca\/International\/wp-json\/wp\/v2\/categories?post=39105"},{"taxonomy":"post_tag","embeddable":true,"href":"https:\/\/linitiative.ca\/International\/wp-json\/wp\/v2\/tags?post=39105"}],"curies":[{"name":"wp","href":"https:\/\/api.w.org\/{rel}","templated":true}]}}