{"id":39106,"date":"2019-06-06T17:18:03","date_gmt":"2019-06-06T21:18:03","guid":{"rendered":"https:\/\/linitiative.ca\/International\/le-prix-de-la-meilleure-administration-publique-de-lafrique-de-louest-decerne-au-tresor-public-de-cote-divoire\/"},"modified":"2019-06-06T17:18:03","modified_gmt":"2019-06-06T21:18:03","slug":"le-prix-de-la-meilleure-administration-publique-de-lafrique-de-louest-decerne-au-tresor-public-de-cote-divoire","status":"publish","type":"post","link":"https:\/\/linitiative.ca\/International\/le-prix-de-la-meilleure-administration-publique-de-lafrique-de-louest-decerne-au-tresor-public-de-cote-divoire\/","title":{"rendered":"Le Prix de la meilleure administration publique de l\u2019Afrique de l\u2019Ouest d\u00e9cern\u00e9 au Tr\u00e9sor Public de C\u00f4te d\u2019Ivoire"},"content":{"rendered":"<div readability=\"32\">\n<p>Publi\u00e9 le 06.06.2019 \u00e0 22h18 par APA News<\/p>\n<\/div>\n<div readability=\"146\">\n<p>Le Prix sp\u00e9cial panafricain ICS 2019 de la meilleure administration publique de l\u2019Afrique de l\u2019Ouest a \u00e9t\u00e9 d\u00e9cern\u00e9, jeudi, \u00e0 la Direction g\u00e9n\u00e9rale du Tr\u00e9sor et de la comptabilit\u00e9 publique de C\u00f4te d\u2019Ivoire au cours d\u2019une c\u00e9r\u00e9monie qui s\u2019est d\u00e9roul\u00e9e dans la capitale \u00e9conomique ivoirienne, a constat\u00e9 APA sur place.Au cours de cette c\u00e9r\u00e9monie de distinction, le Tr\u00e9sor public ivoirien a surclass\u00e9 plusieurs autres administrations publiques de la sous-r\u00e9gion ouest-africaine, selon Charles Sand\u00e9, Directeur g\u00e9n\u00e9ral de l\u2019Inter Africaine de Communication et de Sondage (ICS) et Promoteur de ce Prix.<\/p>\n<p>Le Prix de la meilleure Direction de communication des structures d\u2019\u00c9tat de C\u00f4te d\u2019Ivoire, a \u00e9t\u00e9 \u00e9galement d\u00e9cern\u00e9 au Tr\u00e9sor Public de C\u00f4te d\u2019Ivoire \u00e0 travers son Directeur de la communication et des relations publiques, Norbert Kob\u00e9nan.<\/p>\n<p>Au-del\u00e0 des orientations g\u00e9n\u00e9rales de la direction g\u00e9n\u00e9rale du Tr\u00e9sor et de la comptabilit\u00e9 publique de C\u00f4te d\u2019Ivoire qui ne cessent de produire des r\u00e9sultats probants, certaines actions ont permis, de fa\u00e7on sp\u00e9cifique, de retenir l\u2019attention du jury.<\/p>\n<p>Il s\u2019agit notamment du Syst\u00e8me de management int\u00e9gr\u00e9 Qualit\u00e9-Engagements de service-Contr\u00f4le interne et ma\u00eetrise des risques, et du dispositif d\u2019\u00e9valuation des performances avec fixation des objectifs individuels et du suivi-\u00e9valuation du plan d\u2019actions des processus et des activit\u00e9s g\u00e9r\u00e9es en projets.<\/p>\n<p>Recevant cette distinction avec beaucoup de fiert\u00e9 et d\u2019humilit\u00e9, le Directeur g\u00e9n\u00e9ral du Tr\u00e9sor et de la comptabilit\u00e9 publique de C\u00f4te d\u2019Ivoire, Jacques Konan Assahor\u00e9, l\u2019a \u00a0\u00abd\u00e9di\u00e9 \u00e0 toute l\u2019administration publique de C\u00f4te d\u2019Ivoire car l\u2019aboutissement de nos actions passe, tr\u00e8s souvent, par la franche collaboration de divers autres services publics \u00bb.<\/p>\n<p>\u00ab Je voudrais m\u2019acquitter d\u2019un agr\u00e9able devoir, en remerciant du fond du c\u0153ur tous mes collaborateurs qui, sans rel\u00e2che, \u0153uvrent quotidiennement \u00e0 l\u2019atteinte de nos objectifs \u00e0 travers la parfaite r\u00e9alisation des missions assign\u00e9es \u00e0 notre Institution \u00bb, a-t-il poursuivi.<\/p>\n<p>En initiant ce Prix qui en est \u00e0 sa 8\u00e8me \u00e9dition, \u00ab vous faites \u0153uvre utile, dans le sens de l\u2019appropriation, par les administrations de notre continent, des bonnes pratiques et m\u00e9thodes organisationnelles usit\u00e9es \u00e0 travers le monde \u00bb, a d\u00e9clar\u00e9 M. Assahor\u00e9 \u00e0 l\u2019endroit de Charles Sand\u00e9 et son \u00e9quipe.<\/p>\n<p>\u00ab Cela cadre parfaitement avec votre noble et ambitieux objectif de d\u00e9velopper l\u2019Afrique par la reconnaissance du m\u00e9rite de ses dignes filles et fils \u00bb, a-t-il ajout\u00e9.<\/p>\n<p>Poursuivant, le patron du Tr\u00e9sor public ivoirien a lev\u00e9 un coin de voile sur la strat\u00e9gie institutionnelle qui \u00a0\u00abnous vaut d\u2019\u00eatre r\u00e9compens\u00e9s \u00e0 cette \u00e9dition 2019 du Prix ICS \u00bb.<\/p>\n<p>Cette strat\u00e9gie repose essentiellement sur le Plan strat\u00e9gique de d\u00e9veloppement 2016-2020 b\u00e2ti autour des quatre axes.<\/p>\n<p>Il s\u2019agit de l\u2019acc\u00e9l\u00e9ration de la modernisation des outils et des m\u00e9thodes de gestion, de l\u2019accroissement et la p\u00e9rennisation des capacit\u00e9s de financement de l\u2019Etat, de l\u2019am\u00e9lioration de la transparence et de la gouvernance et du renforcement des capacit\u00e9s op\u00e9rationnelles et le bien-\u00eatre social du personnel.<\/p>\n<p>\u00ab Ce Prix qui nous est d\u00e9cern\u00e9 aujourd\u2019hui vient s\u2019ajouter \u00e0 nos pr\u00e9c\u00e9dentes distinctions qu\u2019il importe de rappeler pour montrer les diff\u00e9rentes \u00e9tapes de la construction du Tr\u00e9sor Public moderne \u00bb, a dit Jacques Konan Assahor\u00e9, rassurant que \u00ab le Tr\u00e9sor Public ne compte pas s\u2019arr\u00eater sur ces acquis \u00bb.<\/p>\n<p>En effet, a-t-il expliqu\u00e9, \u00ab dans notre logique d\u2019am\u00e9lioration continue, nous avons d\u00e9fini de nouveaux chantiers dont la r\u00e9alisation devrait renforcer notre apport \u00e0 l\u2019\u00e9mergence de notre ch\u00e8re C\u00f4te d\u2019Ivoire \u00bb.<\/p>\n<p>Il s\u2019agit principalement de la digitalisation des proc\u00e9dures et m\u00e9thodes de gestion d\u2019une part, et de la certification globale des services du Tr\u00e9sor public, d\u2019autre part.<\/p>\n<p>En ce qui concerne, la digitalisation, elle tire sa source de la volont\u00e9 des responsables du Tr\u00e9sor public d\u2019\u0153uvrer \u00e0 l\u2019am\u00e9lioration de la qualit\u00e9 des prestations, en adaptant constamment leurs pratiques aux standards modernes de gestion. \u00a0C\u2019est pourquoi, \u00a0l\u2019ann\u00e9e 2019 a \u00e9t\u00e9 plac\u00e9e sous le sceau de \u00ab la digitalisation des proc\u00e9dures \u00bb.<\/p>\n<p>Quant \u00e0 la certification globale, ce challenge a \u00e9t\u00e9 \u00e9rig\u00e9 au rang des priorit\u00e9s pour cette ann\u00e9e, en ce sens que la certification d\u2019une administration est gage de la confiance de ses partenaires et usagers, a encore expliqu\u00e9 M. Assahor\u00e9.<\/p>\n<p>\u00ab C\u2019est donc un mouvement d\u2019ensemble qui s\u2019appuie sur l\u2019uniformisation de la qualit\u00e9 de service et dont la finalit\u00e9 est de hisser le Tr\u00e9sor Public au rang des Administrations Publiques les plus performantes au niveau international \u00bb, a-t-il conclu.<\/p>\n<\/div>\n<p>Auteur: APA News<br \/>\n<a href=\"https:\/\/www.journalducameroun.com\/le-prix-de-la-meilleure-administration-publique-de-lafrique-de-louest-decerne-au-tresor-public-de-cote-divoire\/\">Cliquez ici pour lire l&rsquo;article depuis sa source.<\/a><\/p>\n","protected":false},"excerpt":{"rendered":"<p>Publi\u00e9 le 06.06.2019 \u00e0 22h18 par APA News Le Prix sp\u00e9cial panafricain ICS 2019 de la meilleure administration publique de l\u2019Afrique de l\u2019Ouest a \u00e9t\u00e9 d\u00e9cern\u00e9, jeudi, \u00e0 la Direction g\u00e9n\u00e9rale du Tr\u00e9sor et de la comptabilit\u00e9 publique de C\u00f4te d\u2019Ivoire au cours d\u2019une c\u00e9r\u00e9monie qui s\u2019est d\u00e9roul\u00e9e dans la capitale \u00e9conomique ivoirienne, a constat\u00e9 [&hellip;]<\/p>\n","protected":false},"author":1965,"featured_media":0,"comment_status":"closed","ping_status":"closed","sticky":false,"template":"","format":"standard","meta":{"fifu_image_url":"","fifu_image_alt":"","footnotes":""},"categories":[73,82],"tags":[],"class_list":["post-39106","post","type-post","status-publish","format-standard","hentry","category-actualite","category-cameroun"],"_links":{"self":[{"href":"https:\/\/linitiative.ca\/International\/wp-json\/wp\/v2\/posts\/39106","targetHints":{"allow":["GET"]}}],"collection":[{"href":"https:\/\/linitiative.ca\/International\/wp-json\/wp\/v2\/posts"}],"about":[{"href":"https:\/\/linitiative.ca\/International\/wp-json\/wp\/v2\/types\/post"}],"author":[{"embeddable":true,"href":"https:\/\/linitiative.ca\/International\/wp-json\/wp\/v2\/users\/1965"}],"replies":[{"embeddable":true,"href":"https:\/\/linitiative.ca\/International\/wp-json\/wp\/v2\/comments?post=39106"}],"version-history":[{"count":0,"href":"https:\/\/linitiative.ca\/International\/wp-json\/wp\/v2\/posts\/39106\/revisions"}],"wp:attachment":[{"href":"https:\/\/linitiative.ca\/International\/wp-json\/wp\/v2\/media?parent=39106"}],"wp:term":[{"taxonomy":"category","embeddable":true,"href":"https:\/\/linitiative.ca\/International\/wp-json\/wp\/v2\/categories?post=39106"},{"taxonomy":"post_tag","embeddable":true,"href":"https:\/\/linitiative.ca\/International\/wp-json\/wp\/v2\/tags?post=39106"}],"curies":[{"name":"wp","href":"https:\/\/api.w.org\/{rel}","templated":true}]}}