{"id":39107,"date":"2019-06-06T17:50:01","date_gmt":"2019-06-06T21:50:01","guid":{"rendered":"https:\/\/linitiative.ca\/International\/le-procureur-israelien-refuse-de-reporter-laudience-de-netanyahu-pour-des-affaires-de-corruption\/"},"modified":"2019-06-06T17:50:01","modified_gmt":"2019-06-06T21:50:01","slug":"le-procureur-israelien-refuse-de-reporter-laudience-de-netanyahu-pour-des-affaires-de-corruption","status":"publish","type":"post","link":"https:\/\/linitiative.ca\/International\/le-procureur-israelien-refuse-de-reporter-laudience-de-netanyahu-pour-des-affaires-de-corruption\/","title":{"rendered":"Le procureur isra\u00e9lien refuse de reporter l\u2019audience de Netanyahu pour des affaires de corruption"},"content":{"rendered":"<div readability=\"32\">\n<p>Publi\u00e9 le 06.06.2019 \u00e0 22h50 par AFP<\/p>\n<\/div>\n<div readability=\"90\">\n<p>Le procureur g\u00e9n\u00e9ral isra\u00e9lien Avichai Mandelblit a rejet\u00e9 jeudi la demande du Premier ministre Benjamin Netanyahu de reporter son audience, dans le cadre des accusations de corruption pesant sur lui, on rapport\u00e9 les m\u00e9dias isra\u00e9liens.<\/p>\n<p>Le bureau du procureur a inform\u00e9 que M. Netanyahu avait demand\u00e9 \u00ab\u00a0que l\u2019audience soit report\u00e9e en raison de la dissolution de la Knesset et de la tenue d\u2019\u00e9lections le 17 septembre\u00a0\u00bb, \u00e0 une date \u00ab\u00a0raisonnable\u00a0\u00bb apr\u00e8s les \u00e9lections, a indiqu\u00e9 le site d\u2019information Ynet.<\/p>\n<p>Incapable de former une coalition apr\u00e8s sa victoire aux \u00e9lections du 9 avril, Benjamin Netanyahu a d\u00fb faire voter par le Parlement sa dissolution afin d\u2019\u00e9viter que le pr\u00e9sident ne confie \u00e0 un autre le soin de former une coalition sans lui, conduisant le pays \u00e0 de nouvelles \u00e9lections.<\/p>\n<p>Le procureur a fait savoir qu\u2019apr\u00e8s avoir tout bien consid\u00e9r\u00e9, \u00a0\u00bb rien ne justifiait d\u2019acquiescer \u00e0 la demande et de changer les dates fix\u00e9es pour l\u2019audience\u00a0\u00bb, relate le site.<\/p>\n<p>En mai, Avichai Mandelblit avait d\u00e9j\u00e0 repouss\u00e9 \u00e0 d\u00e9but octobre la date \u00e0 laquelle doit \u00eatre entendu M. Netanyahu pour r\u00e9pondre d\u2019accusations de \u00ab\u00a0corruption\u00a0\u00bb, \u00ab\u00a0fraude\u00a0\u00bb et \u00ab\u00a0abus de confiance\u00a0\u00bb dans trois affaires.<\/p>\n<p>En avril, il avait fix\u00e9 cette date au 10 juillet.<\/p>\n<p>Le bureau du procureur a soulign\u00e9 que l\u2019audience pr\u00e9vue les 2 et 3 octobre ne serait pas d\u00e9cal\u00e9e, \u00ab\u00a0ni m\u00eame d\u2019un seul jour\u00a0\u00bb.<\/p>\n<p>\u00ab\u00a0Les nouvelles \u00e9lections constituent un cadre exceptionnel auquel il faut accorder une attention exceptionnelle\u00a0\u00bb, a r\u00e9pondu jeudi le Premier ministre dans un communiqu\u00e9.<\/p>\n<p>Dans la foul\u00e9e, il a cit\u00e9 pour exemple le cas d\u2019un juge dont l\u2019audience pour les faits qui lui \u00e9taient reproch\u00e9s n\u2019avait toujours pas eu lieu, en deux ans.<\/p>\n<p>Des affirmations d\u00e9menties par le bureau du procureur qui a affirm\u00e9 que l\u2019audience du juge en question avait bien eu lieu.<\/p>\n<p>Benjamin Netanyahu, 69 ans dont 13 ann\u00e9es au pouvoir, nie en bloc les accusations port\u00e9es contre lui et d\u00e9nonce une \u00ab\u00a0chasse aux sorci\u00e8res\u00a0\u00bb.<\/p>\n<p>M\u00eame mis en examen, il ne serait l\u00e9galement pas contraint de d\u00e9missionner avant d\u2019avoir \u00e9t\u00e9 reconnu coupable et d\u2019avoir \u00e9puis\u00e9 toutes les proc\u00e9dures en appel, ce qui pourrait prendre des ann\u00e9es, selon les analystes.<\/p>\n<\/div>\n<p>Auteur: AFP<br \/>\n<a href=\"https:\/\/www.journalducameroun.com\/le-procureur-israelien-refuse-de-reporter-laudience-de-netanyahu-pour-des-affaires-de-corruption\/\">Cliquez ici pour lire l&rsquo;article depuis sa source.<\/a><\/p>\n","protected":false},"excerpt":{"rendered":"<p>Publi\u00e9 le 06.06.2019 \u00e0 22h50 par AFP Le procureur g\u00e9n\u00e9ral isra\u00e9lien Avichai Mandelblit a rejet\u00e9 jeudi la demande du Premier ministre Benjamin Netanyahu de reporter son audience, dans le cadre des accusations de corruption pesant sur lui, on rapport\u00e9 les m\u00e9dias isra\u00e9liens. Le bureau du procureur a inform\u00e9 que M. Netanyahu avait demand\u00e9 \u00ab\u00a0que l\u2019audience [&hellip;]<\/p>\n","protected":false},"author":1965,"featured_media":0,"comment_status":"closed","ping_status":"closed","sticky":false,"template":"","format":"standard","meta":{"fifu_image_url":"","fifu_image_alt":"","footnotes":""},"categories":[73,82],"tags":[],"class_list":["post-39107","post","type-post","status-publish","format-standard","hentry","category-actualite","category-cameroun"],"_links":{"self":[{"href":"https:\/\/linitiative.ca\/International\/wp-json\/wp\/v2\/posts\/39107","targetHints":{"allow":["GET"]}}],"collection":[{"href":"https:\/\/linitiative.ca\/International\/wp-json\/wp\/v2\/posts"}],"about":[{"href":"https:\/\/linitiative.ca\/International\/wp-json\/wp\/v2\/types\/post"}],"author":[{"embeddable":true,"href":"https:\/\/linitiative.ca\/International\/wp-json\/wp\/v2\/users\/1965"}],"replies":[{"embeddable":true,"href":"https:\/\/linitiative.ca\/International\/wp-json\/wp\/v2\/comments?post=39107"}],"version-history":[{"count":0,"href":"https:\/\/linitiative.ca\/International\/wp-json\/wp\/v2\/posts\/39107\/revisions"}],"wp:attachment":[{"href":"https:\/\/linitiative.ca\/International\/wp-json\/wp\/v2\/media?parent=39107"}],"wp:term":[{"taxonomy":"category","embeddable":true,"href":"https:\/\/linitiative.ca\/International\/wp-json\/wp\/v2\/categories?post=39107"},{"taxonomy":"post_tag","embeddable":true,"href":"https:\/\/linitiative.ca\/International\/wp-json\/wp\/v2\/tags?post=39107"}],"curies":[{"name":"wp","href":"https:\/\/api.w.org\/{rel}","templated":true}]}}