{"id":39134,"date":"2019-06-06T12:16:03","date_gmt":"2019-06-06T16:16:03","guid":{"rendered":"https:\/\/linitiative.ca\/International\/sinistre-12-mois-de-travaux-pour-rehabiliter-la-sonara\/"},"modified":"2019-06-06T12:16:03","modified_gmt":"2019-06-06T16:16:03","slug":"sinistre-12-mois-de-travaux-pour-rehabiliter-la-sonara","status":"publish","type":"post","link":"https:\/\/linitiative.ca\/International\/sinistre-12-mois-de-travaux-pour-rehabiliter-la-sonara\/","title":{"rendered":"Sinistre : 12 mois de travaux pour r\u00e9habiliter la Sonara"},"content":{"rendered":"<div class=\"featured-area featured-area-inner\"><img loading=\"lazy\" decoding=\"async\" width=\"780\" height=\"405\" src=\"https:\/\/i2.wp.com\/ecomatin.net\/wp-content\/uploads\/2019\/06\/ecomatin.net-sinistre-12-mois-de-travaux-pour-rehabiliter-la-sonara-sonara-2019.jpg?resize=780%2C405&#038;ssl=1&#038;is-pending-load=1\" class=\"attachment-jannah-image-post size-jannah-image-post wp-post-image jetpack-lazy-image\" alt=\"\" data-attachment-id=\"8799\" data-permalink=\"https:\/\/ecomatin.net\/sinistre-12-mois-de-travaux-pour-rehabiliter-la-sonara\/sonara-2019\/\" data-orig-file=\"https:\/\/i2.wp.com\/ecomatin.net\/wp-content\/uploads\/2019\/06\/ecomatin.net-sinistre-12-mois-de-travaux-pour-rehabiliter-la-sonara-sonara-2019.jpg?fit=780%2C440&#038;ssl=1\" data-orig-size=\"780,440\" data-comments-opened=\"0\" data-image-meta=\"{\"aperture\":\"0\",\"credit\":\"\",\"camera\":\"\",\"caption\":\"\",\"created_timestamp\":\"0\",\"copyright\":\"\",\"focal_length\":\"0\",\"iso\":\"0\",\"shutter_speed\":\"0\",\"title\":\"\",\"orientation\":\"0\"}\" data-image-title=\"Sonara 2019\" data-image-description=\"\" data-medium-file=\"https:\/\/i2.wp.com\/ecomatin.net\/wp-content\/uploads\/2019\/06\/ecomatin.net-sinistre-12-mois-de-travaux-pour-rehabiliter-la-sonara-sonara-2019.jpg?fit=300%2C169&#038;ssl=1\" data-large-file=\"https:\/\/i2.wp.com\/ecomatin.net\/wp-content\/uploads\/2019\/06\/ecomatin.net-sinistre-12-mois-de-travaux-pour-rehabiliter-la-sonara-sonara-2019.jpg?fit=780%2C440&#038;ssl=1\" srcset=\"data:image\/gif;base64,R0lGODlhAQABAIAAAAAAAP\/\/\/yH5BAEAAAAALAAAAAABAAEAAAIBRAA7\"\/><\/div>\n<div class=\"entry-content entry clearfix\" readability=\"66\">\n<p>Les premi\u00e8res implications de l\u2019incendie survenu dans la nuit de vendredi 31 mai 2019 dans la zone de fractionnement des essences de la Soci\u00e9t\u00e9 nationale de Raffinage (<strong>Sonara<\/strong>), bas\u00e9e \u00e0 Limbe, se pr\u00e9cisent.\u00a0 Parmi celles-ci figurent la question de la r\u00e9habilitation des unit\u00e9s de production consum\u00e9es et l\u2019approvisionnement du march\u00e9 en produit p\u00e9trolier.<\/p>\n<p>Au cours d\u2019une r\u00e9union de crise dimanche 02 juin 2019, le ministre de l\u2019Eau et de l\u2019Energie (Minee), <strong>Gaston Eloundou Essomba<\/strong> a indiqu\u00e9 que pour r\u00e9habiliter la soci\u00e9t\u00e9, il faut confirmer un diagnostic assez pr\u00e9cis et exhaustif \u00e0 l\u2019effet d\u2019identifier tous les travaux \u00e0 r\u00e9aliser. Le Minee a rapport\u00e9 que l\u2019Etat entrevoit recruter\u00a0 un cabinet d\u2019expertise pour dresser un rapport. Ce cabinet proposera par la suite au gouvernement la meilleure option en mati\u00e8re de r\u00e9habilitation. \u00c0 la fin, un appel d\u2019offres sera lanc\u00e9 afin de recruter les entreprises charg\u00e9es de la r\u00e9habilitation. \u00c0 titre indicatif, a-t-il dit, \u00ab <em>ce genre de travaux nous les voyons autour de 12 mois. On a connu un cas similaire en C\u00f4te d\u2019Ivoire. La r\u00e9habilitation a pris 12 mois, mais il y a eu d\u2019autres contingences. Finalement, c\u2019est au terme\u00a0 de 24 mois que cela a \u00e9t\u00e9 fait<\/em> \u00bb.<\/p>\n<p>Concernant la probl\u00e9matique de l\u2019approvisionnement des produits p\u00e9troliers \u00e0 la pompe, le membre du gouvernement a relev\u00e9 que c\u2019est \u00ab <em>la plus grande pr\u00e9occupation actuellement (\u2026) La chaine de production de la Sonora est en arr\u00eat, le temps de pouvoir la r\u00e9habiliter<\/em> \u00bb. Toutefois,\u00a0 Gaston Eloundou Essomba veut\u00a0 rassurer les consommateurs, en leur promettant que le march\u00e9 camerounais va continuer \u00e0 \u00eatre approvisionn\u00e9 gr\u00e2ce aux importations. \u00ab <em>Pendant la p\u00e9riode d\u2019arr\u00eat de la raffinerie, nous allons proc\u00e9der aux importations. Ce n\u2019est pas le premier arr\u00eat que la raffinerie va connaitre. L\u2019ann\u00e9e derni\u00e8re, il y a eu 08 mois d\u2019arr\u00eat technique parce qu\u2019il fallait proc\u00e9der \u00e0 la connexion des nouvelles unit\u00e9s de production de la raffinerie \u00e0 l\u2019ancienne raffinerie. Cet arr\u00eat de 08 mois a donn\u00e9 lieu \u00e0 des approvisionnements \u00e0 partir des importations. Les m\u00eames m\u00e9canismes vont se poursuivre aujourd\u2019hui. Les premiers navires d\u00e9barquent mardi prochain (04 juin 2019, Ndlr) \u00e0 Douala pour permettre un approvisionnement\u00a0 continu et serein du march\u00e9<\/em> \u00bb, a-t-il soulign\u00e9. Avant d\u2019ajouter que \u00ab <em>dans le cadre de ces op\u00e9rations d\u2019approvisionnement, la Sonara, elle-m\u00eame, va aussi importer. Question de dire que la Sonara ne sera pas ferm\u00e9e. Le personnel va continuer de vaquer \u00e0 ses occupations<\/em> \u00bb.<\/p>\n<div class=\"about-author about-author-box container-wrapper\">\n<div class=\"author-avatar\">\n<p><img decoding=\"async\" src=\"http:\/\/\" alt=\"\"\/><\/p>\n<\/div>\n<p><h4>La R\u00e9daction EcoMatin<\/h4>\n<\/p>\n<\/div>\n<div class=\"awac-wrapper awac widget blog_subscription-2\">\n<h4 class=\"widget-title\">Abonnez-vous \u00e0 notre lettre d&rsquo;information<\/h4>\n<\/div>\n<\/div>\n<div class=\"toggle-post-content clearfix\"><a id=\"toggle-post-button\" class=\"button\" href=\"#\">Afficher plus <\/a><\/div>\n<p>Auteur: EcoMatin<br \/>\n<a href=\"https:\/\/ecomatin.net\/sinistre-12-mois-de-travaux-pour-rehabiliter-la-sonara\/\">Cliquez ici pour lire l&rsquo;article depuis sa source.<\/a><\/p>\n","protected":false},"excerpt":{"rendered":"<p>Les premi\u00e8res implications de l\u2019incendie survenu dans la nuit de vendredi 31 mai 2019 dans la zone de fractionnement des essences de la Soci\u00e9t\u00e9 nationale de Raffinage (Sonara), bas\u00e9e \u00e0 Limbe, se pr\u00e9cisent.\u00a0 Parmi celles-ci figurent la question de la r\u00e9habilitation des unit\u00e9s de production consum\u00e9es et l\u2019approvisionnement du march\u00e9 en produit p\u00e9trolier. Au cours [&hellip;]<\/p>\n","protected":false},"author":1969,"featured_media":0,"comment_status":"closed","ping_status":"closed","sticky":false,"template":"","format":"standard","meta":{"fifu_image_url":"","fifu_image_alt":"","footnotes":""},"categories":[82,78],"tags":[],"class_list":["post-39134","post","type-post","status-publish","format-standard","hentry","category-cameroun","category-economie"],"_links":{"self":[{"href":"https:\/\/linitiative.ca\/International\/wp-json\/wp\/v2\/posts\/39134","targetHints":{"allow":["GET"]}}],"collection":[{"href":"https:\/\/linitiative.ca\/International\/wp-json\/wp\/v2\/posts"}],"about":[{"href":"https:\/\/linitiative.ca\/International\/wp-json\/wp\/v2\/types\/post"}],"author":[{"embeddable":true,"href":"https:\/\/linitiative.ca\/International\/wp-json\/wp\/v2\/users\/1969"}],"replies":[{"embeddable":true,"href":"https:\/\/linitiative.ca\/International\/wp-json\/wp\/v2\/comments?post=39134"}],"version-history":[{"count":0,"href":"https:\/\/linitiative.ca\/International\/wp-json\/wp\/v2\/posts\/39134\/revisions"}],"wp:attachment":[{"href":"https:\/\/linitiative.ca\/International\/wp-json\/wp\/v2\/media?parent=39134"}],"wp:term":[{"taxonomy":"category","embeddable":true,"href":"https:\/\/linitiative.ca\/International\/wp-json\/wp\/v2\/categories?post=39134"},{"taxonomy":"post_tag","embeddable":true,"href":"https:\/\/linitiative.ca\/International\/wp-json\/wp\/v2\/tags?post=39134"}],"curies":[{"name":"wp","href":"https:\/\/api.w.org\/{rel}","templated":true}]}}