{"id":39144,"date":"2019-06-06T16:00:00","date_gmt":"2019-06-06T20:00:00","guid":{"rendered":"https:\/\/linitiative.ca\/International\/bensalah-appelle-au-dialogue-inclusif-pour-poser-les-jalons-du-processus-de-concertation\/"},"modified":"2019-06-06T16:00:00","modified_gmt":"2019-06-06T20:00:00","slug":"bensalah-appelle-au-dialogue-inclusif-pour-poser-les-jalons-du-processus-de-concertation","status":"publish","type":"post","link":"https:\/\/linitiative.ca\/International\/bensalah-appelle-au-dialogue-inclusif-pour-poser-les-jalons-du-processus-de-concertation\/","title":{"rendered":"Bensalah appelle au dialogue inclusif pour poser les jalons du processus de concertation"},"content":{"rendered":"<p>Dans un message adress\u00e9 \u00e0 la Nation, M. Bensalah a invit\u00e9 \u00ab\u00a0la classe politique, la soci\u00e9t\u00e9 civile et les personnalit\u00e9s patriotique nationales, jalouses du devenir de l&rsquo;Alg\u00e9rie, \u00e0 opter pour la voie du dialogue inclusif en vue de poser les jalons du processus de concertation que l&rsquo;Etat s&#8217;emploiera \u00e0 organiser dans les meilleurs d\u00e9lais, \u00e0 d\u00e9battre de toutes les pr\u00e9occupations portant sur la prochaine \u00e9ch\u00e9ance pr\u00e9sidentielle, et partant, tracer une feuille de route devant aider \u00e0 l&rsquo;organisation du scrutin dans un climat d&rsquo;entente et de s\u00e9r\u00e9nit\u00e9\u00a0\u00bb.<\/p>\n<p>Apr\u00e8s avoir rappel\u00e9 ces invitations, lors de ses pr\u00e9c\u00e9dents discours, au dialogue et \u00e0 la concertation, le chef de l&rsquo;Etat a r\u00e9it\u00e9r\u00e9 son engagement \u00e0 garantir \u00ab\u00a0au scrutin pr\u00e9sidentiel toutes les conditions d&rsquo;une \u00e9lection r\u00e9guli\u00e8re, libre et transparente, telle que souhait\u00e9e par notre peuple\u00a0\u00bb, indiquant que cette nouvelle \u00e9tape \u00ab\u00a0est incontestablement une opportunit\u00e9 pr\u00e9cieuse pour restaurer la confiance et mobiliser les forces patriotiques nationales en vue de construire le consensus le plus large possible autour de l&rsquo;ensemble des questions en rapport avec les aspects l\u00e9gislatif, r\u00e9glementaire et organisationnel de cette \u00e9lection, et sur les m\u00e9canismes de son contr\u00f4le et sa supervision\u00a0\u00bb.<\/p>\n<p>\u00ab\u00a0L&rsquo;Alg\u00e9rie a besoin de r\u00e9formes et de nouveaux horizons aux plans politique et socio\u00e9conomique, un v\u0153u clairement et pacifiquement exprim\u00e9 par notre peuple qui doit \u00e9galement faire face \u00e0 de nombreux et \u00f4 combien difficiles d\u00e9fis et enjeux n\u00e9cessitant la mobilisation de toutes les forces vives\u00a0\u00bb, lit-on dans son message.<\/p>\n<p>A ce propos, M. Bensalah s&rsquo;est dit convaincu \u00ab\u00a0que seul le pr\u00e9sident de la R\u00e9publique, \u00e9lu d\u00e9mocratiquement, jouira de la confiance et de la l\u00e9gitimit\u00e9 requises pour lancer ces r\u00e9formes et contribuer \u00e0 relever les d\u00e9fis qui se posent \u00e0 notre Nation\u00a0\u00bb, assurant par la m\u00eame occasion que \u00ab\u00a0l&rsquo;organisation d&rsquo;une Pr\u00e9sidentielle dans des d\u00e9lais admissibles, sans aucune perte de temps, constitue l&rsquo;unique voie et la plus efficace, politiquement et la plus rationnelle, d\u00e9mocratiquement\u00a0\u00bb.<\/p>\n<p>Dans ce sens, il a r\u00e9it\u00e9r\u00e9 son appel \u00e0 toutes les parties concern\u00e9es \u00e0 participer au processus consensuel et \u00e0 faire pr\u00e9valoir la sagesse et l&rsquo;int\u00e9r\u00eat du peuple, tant dans leurs d\u00e9bats que dans leurs revendications, en les invitant \u00e9galement \u00e0 \u00ab\u00a0saisir cette nouvelle opportunit\u00e9 pour s&rsquo;impliquer pleinement dans la concertation que nous pr\u00f4nons aujourd&rsquo;hui plus que jamais\u00a0\u00bb.<\/p>\n<p>Le temps \u00e9tant pr\u00e9cieux, le chef de l&rsquo;Etat a exhort\u00e9 tout un chacun \u00e0 s&rsquo;atteler s\u00e9rieusement \u00e0 la recherche de solutions consensuelles devant permettre l&rsquo;organisation d&rsquo;une \u00e9lection Pr\u00e9sidentielle r\u00e9guli\u00e8re dans un climat de rivalit\u00e9 transparent.<\/p>\n<p>Il a adress\u00e9 \u00e9galement cet appel \u00e0 \u00ab\u00a0toutes les bonnes volont\u00e9s, celles dont le leitmotiv est l&rsquo;amour de la patrie et l&rsquo;abn\u00e9gation \u00e0 son service, celles qui ont foi en l&rsquo;\u00e9lan collectif et en la maturit\u00e9 de notre peuple et bannissent toutes formes d&rsquo;exclusion et d&rsquo;aventurisme, particuli\u00e8rement lorsqu&rsquo;il est question de l&rsquo;avenir de l&rsquo;Alg\u00e9rie\u00a0\u00bb.<\/p>\n<p><iframe loading=\"lazy\" allow=\"accelerometer; autoplay; encrypted-media; gyroscope; picture-in-picture\" allowfullscreen=\"\" frameborder=\"0\" height=\"315\" src=\"https:\/\/www.youtube.com\/embed\/_Z7RvY5Pkbc\" width=\"560\">[embedded content]<\/iframe><\/p>\n<p>Auteur: elmoudjahid<br \/>\n<a href=\"http:\/\/www.elmoudjahid.com\/fr\/actualites\/137732\">Cliquez ici pour lire l&rsquo;article depuis sa source.<\/a><\/p>\n","protected":false},"excerpt":{"rendered":"<p>Dans un message adress\u00e9 \u00e0 la Nation, M. Bensalah a invit\u00e9 \u00ab\u00a0la classe politique, la soci\u00e9t\u00e9 civile et les personnalit\u00e9s patriotique nationales, jalouses du devenir de l&rsquo;Alg\u00e9rie, \u00e0 opter pour la voie du dialogue inclusif en vue de poser les jalons du processus de concertation que l&rsquo;Etat s&#8217;emploiera \u00e0 organiser dans les meilleurs d\u00e9lais, \u00e0 [&hellip;]<\/p>\n","protected":false},"author":1744,"featured_media":0,"comment_status":"closed","ping_status":"closed","sticky":false,"template":"","format":"standard","meta":{"fifu_image_url":"","fifu_image_alt":"","footnotes":""},"categories":[73,53],"tags":[],"class_list":["post-39144","post","type-post","status-publish","format-standard","hentry","category-actualite","category-algerie"],"_links":{"self":[{"href":"https:\/\/linitiative.ca\/International\/wp-json\/wp\/v2\/posts\/39144","targetHints":{"allow":["GET"]}}],"collection":[{"href":"https:\/\/linitiative.ca\/International\/wp-json\/wp\/v2\/posts"}],"about":[{"href":"https:\/\/linitiative.ca\/International\/wp-json\/wp\/v2\/types\/post"}],"author":[{"embeddable":true,"href":"https:\/\/linitiative.ca\/International\/wp-json\/wp\/v2\/users\/1744"}],"replies":[{"embeddable":true,"href":"https:\/\/linitiative.ca\/International\/wp-json\/wp\/v2\/comments?post=39144"}],"version-history":[{"count":0,"href":"https:\/\/linitiative.ca\/International\/wp-json\/wp\/v2\/posts\/39144\/revisions"}],"wp:attachment":[{"href":"https:\/\/linitiative.ca\/International\/wp-json\/wp\/v2\/media?parent=39144"}],"wp:term":[{"taxonomy":"category","embeddable":true,"href":"https:\/\/linitiative.ca\/International\/wp-json\/wp\/v2\/categories?post=39144"},{"taxonomy":"post_tag","embeddable":true,"href":"https:\/\/linitiative.ca\/International\/wp-json\/wp\/v2\/tags?post=39144"}],"curies":[{"name":"wp","href":"https:\/\/api.w.org\/{rel}","templated":true}]}}