{"id":39182,"date":"2019-06-07T01:08:50","date_gmt":"2019-06-07T05:08:50","guid":{"rendered":"https:\/\/linitiative.ca\/International\/cote-divoire-a-la-decouverte-de-la-faitiere-des-operateurs-economiques-burkinabe\/"},"modified":"2019-06-07T01:08:50","modified_gmt":"2019-06-07T05:08:50","slug":"cote-divoire-a-la-decouverte-de-la-faitiere-des-operateurs-economiques-burkinabe","status":"publish","type":"post","link":"https:\/\/linitiative.ca\/International\/cote-divoire-a-la-decouverte-de-la-faitiere-des-operateurs-economiques-burkinabe\/","title":{"rendered":"C\u00f4te d\u2019Ivoire : A la d\u00e9couverte de la fa\u00eeti\u00e8re des op\u00e9rateurs \u00e9conomiques burkinab\u00e8"},"content":{"rendered":"<div class=\"td-post-featured-image\" readability=\"34\"><a href=\"https:\/\/i0.wp.com\/www.sidwaya.info\/wp-content\/uploads\/2019\/06\/economie12.jpg?fit=787%2C525&#038;ssl=1\" data-caption=\"La nouvelle fa\u00eeti\u00e8re est all\u00e9e expliquer le bien-fond\u00e9 de leur association \u00e0 l\u2019ambassadeur du Burkina \u00e0 Abidjan, Mahamadou Zongo.\"><img loading=\"lazy\" decoding=\"async\" width=\"696\" height=\"464\" class=\"entry-thumb td-modal-image\" src=\"https:\/\/i0.wp.com\/www.sidwaya.info\/wp-content\/uploads\/2019\/06\/economie12.jpg?resize=696%2C464&#038;ssl=1\" srcset=\"https:\/\/i0.wp.com\/www.sidwaya.info\/wp-content\/uploads\/2019\/06\/economie12.jpg?w=787&#038;ssl=1 787w, https:\/\/i0.wp.com\/www.sidwaya.info\/wp-content\/uploads\/2019\/06\/economie12.jpg?resize=300%2C200&#038;ssl=1 300w, https:\/\/i0.wp.com\/www.sidwaya.info\/wp-content\/uploads\/2019\/06\/economie12.jpg?resize=768%2C512&#038;ssl=1 768w, https:\/\/i0.wp.com\/www.sidwaya.info\/wp-content\/uploads\/2019\/06\/economie12.jpg?resize=696%2C464&#038;ssl=1 696w, https:\/\/i0.wp.com\/www.sidwaya.info\/wp-content\/uploads\/2019\/06\/economie12.jpg?resize=630%2C420&#038;ssl=1 630w\" sizes=\"auto, (max-width: 696px) 100vw, 696px\" alt=\"\" title=\"economie12\"\/><\/a>La nouvelle fa\u00eeti\u00e8re est all\u00e9e expliquer le bien-fond\u00e9 de leur association \u00e0 l\u2019ambassadeur du Burkina \u00e0 Abidjan, Mahamadou Zongo.<\/div>\n<div class=\"td-a-rec td-a-rec-id-content_top td_uid_30_5cfa51c121c92_rand td_block_template_1\"><img loading=\"lazy\" decoding=\"async\" class=\"aligncenter size-full wp-image-4463\" src=\"https:\/\/www.sidwaya.info\/wp-content\/uploads\/2019\/02\/FESPACO-TOUR-2019-Bannie%CC%80re-728x90-1.jpg\" alt=\"\" width=\"728\" height=\"90\"\/><\/div>\n<p><strong>L\u2019Ambassadeur du Burkina Faso en C\u00f4te d\u2019Ivoire, SEM. Mahamadou ZONGO, le Consul G\u00e9n\u00e9ral du Burkina Faso \u00e0 Abidjan, Monsieur Benjamin NANA, le Ministre conseiller de l\u2019Ambassade, Monsieur Mamadou ILBOUDO et le Conseiller charg\u00e9 des questions douani\u00e8res de l\u2019Ambassade, Monsieur Oumaro OUEDRAOGO, ont re\u00e7u en audience, le 05 juin 2019, une forte d\u00e9l\u00e9gation du bureau du Conseil des Op\u00e9rateurs Economiques Burkinab\u00e8 de C\u00f4te d\u2019Ivoire (COEB-CI).<\/strong><\/p>\n<p>Conduite par son pr\u00e9sident, Monsieur Moussa OUEDRAOGO, la d\u00e9l\u00e9gation de plus d\u2019une dizaine de membres est venue pr\u00e9senter la nouvelle fa\u00eeti\u00e8re des op\u00e9rateurs \u00e9conomiques burkinab\u00e8 vivant en C\u00f4te d\u2019Ivoire. Apr\u00e8s avoir b\u00e9n\u00e9fici\u00e9 des conseils de la Repr\u00e9sentation diplomatique et consulaire du Burkina en C\u00f4te d\u2019Ivoire, conseils relatifs \u00e0 \u00abune association inclusive et qui bannit les clivages ethniques, politiques et religieuses\u00bb, au cours de cette audience, Moussa OUEDRAOGO et ses coll\u00e8gues ont expliqu\u00e9 de long et en large, les tenants et les aboutissants qui ont motiv\u00e9 la cr\u00e9ation de cette nouvelle structure consensuelle.<\/p>\n<p>Faut-il le rappeler, Monsieur Moussa OUEDRAOGO a \u00e9t\u00e9 \u00e9lu en qualit\u00e9 de pr\u00e9sident du COEB-CI lors d\u2019une assembl\u00e9e g\u00e9n\u00e9rale, tenue le 08 d\u00e9cembre 2018. Aux dires des principaux responsables du COEBCI, Messieurs Moussa OUEDRAOGO, Bernard BONANE et Issaka KINDO, c\u2019est apr\u00e8s de multiples concertations et \u00e9changes directs que le 11 janvier 2019, le Pr\u00e9fet d\u2019Abidjan a donn\u00e9 une suite favorable \u00e0 la d\u00e9claration et \u00e0 la demande d\u2019agr\u00e9ment du Conseil des Op\u00e9rateurs \u00e9conomiques burkinab\u00e8 de C\u00f4te d\u2019Ivoire.<\/p>\n<p>De la gen\u00e8se que Moussa et ses coll\u00e8gues donnent, l\u2019id\u00e9e de la cr\u00e9ation d\u2019une telle association pour regrouper les op\u00e9rateurs \u00e9conomiques est n\u00e9e d\u2019un constat ahurissant\u00a0: l\u2019absence d\u2019un cadre d\u2019\u00e9changes f\u00e9d\u00e9rateurs de tous les Burkinab\u00e8 de Cote d\u2019Ivoire autour d\u2019un id\u00e9al de solidarit\u00e9, de fraternit\u00e9 et de promotion. En effet, au-del\u00e0 du nombre, il est convenu de s\u2019interroger sur d\u2019autres aspects non moins importants, notamment, l\u2019organisation et la coh\u00e9sion, la solidarit\u00e9 et le partage, la concertation et la confiance.<\/p>\n<p>Sur ces points, tous les Burkinab\u00e8 de C\u00f4te d\u2019Ivoire ont mieux \u00e0 faire \u00e0 l\u2019instar des autres communaut\u00e9s \u00e9trang\u00e8res vivant sur le sol ivoirien et exer\u00e7ant dans les diff\u00e9rents secteurs de l\u2019\u00e9conomie ivoirienne. Voil\u00e0 donc les pr\u00e9occupations qui ont milit\u00e9 \u00e0 la cr\u00e9ation du Conseil des op\u00e9rateurs \u00e9conomiques burkinab\u00e8 de C\u00f4te d\u2019Ivoire.<\/p>\n<p>Un conseil qui n\u2019a pas la pr\u00e9tention de r\u00e9unir toute la communaut\u00e9 mais qui ambitionne tout simplement de cr\u00e9er un d\u00e9clic pouvant d\u00e9j\u00e0 amener les op\u00e9rateurs \u00e9conomiques \u00e0 se doter d\u2019un cadre d\u2019\u00e9changes, de solidarit\u00e9 et de promotion mutuelle. \u00abTravailler seul et r\u00e9ussir est une bonne chose mais n\u2019est-il pas mieux de s\u2019assurer la solidarit\u00e9 d\u2019autres personnes ?\u00bb, s\u2019interroge Moussa OUEDRAOGO.<\/p>\n<p>Les concertations entreprises au cours des six derniers mois en faisant du porte-\u00e0-porte ont permis d\u2019\u00e9changer sur le sujet avec des personnes connues au cours de son mandat de quatorze ans en tant que Repr\u00e9sentant du Conseil Burkinab\u00e8 des Chargeurs en C\u00f4te d\u2019Ivoire (CBC-CI). Et contre toute attente, les multiples rencontres ont permis de comprendre que Moussa OUEDRAOGO n\u2019\u00e9tait pas le seul \u00e0 d\u00e9plorer l\u2019absence de concertation et de solidarit\u00e9 au sein de la communaut\u00e9 burkinab\u00e8 vivant en C\u00f4te d\u2019Ivoire.<\/p>\n<p>Sont de ceux qui se sont ouverts \u00e0 lui, non seulement leurs portes, mais qui ont \u00e9galement eu une oreille attentive pour le projet, l\u2019Ambassadeur du Burkina Faso en C\u00f4te d\u2019Ivoire et le consul adjoint du Burkina Faso \u00e0 Abidjan pour leur accompagnement et leurs conseils ; les Repr\u00e9sentants de la Chambre de Commerce et du Conseil burkinab\u00e8 des Chargeurs pour leurs inestimables contributions ; Monsieur Issaka SAWADOGO, PCA de la fili\u00e8re b\u00e9tail et viande de l\u2019Afrique de l\u2019Ouest et de la soci\u00e9t\u00e9 de transport Ivoiro-Burkinab\u00e8 \u201cSTIB\u201d pour sa contribution mat\u00e9rielle et financi\u00e8re et surtout pour son engagement ; Monsieur Path\u00e9 dit Path\u00e9o OUEDRAOGO pour ses conseils et la promotion du projet aupr\u00e8s des compatriotes ; Monsieur Joseph dit Saint Jo ILBOUDO pour ses conseils ; Monsieur Bernard BONANE pour sa disponibilit\u00e9 et sa contribution mat\u00e9rielle et financi\u00e8re ; Monsieur Rasman\u00e9 CONGO, conseiller juridique du consulat g\u00e9n\u00e9ral pour sa contribution \u00e0 la r\u00e9daction des diff\u00e9rents textes et \u00e0 l\u2019organisation des r\u00e9unions et Monsieur Mamadou ILBOUDO, Ministre conseiller de l\u2019Ambassade pour ses conseils.<\/p>\n<p>Toute la gratitude \u00e9galement \u00e0 tous ceux qui ont apport\u00e9 leur adh\u00e9sion et leurs contributions au projet. Sans oublier, tous ceux qui, \u00e0 un moment ou \u00e0 un autre, ont entrepris de f\u00e9d\u00e9rer les \u00e9nergies au sein de la communaut\u00e9, \u00e0 savoir, les initiateurs de Diaspora Finance, Diaspora sport et le Club des hommes d\u2019affaires burkinab\u00e8 en C\u00f4te d\u2019Ivoire.<\/p>\n<p class=\"c1\"><strong>Issouf ZABSONRE<\/strong><br \/>Attach\u00e9 de Presse<br \/>Ambassade du Burkina en C\u00f4te d\u2019Ivoire<\/p>\n<div class=\"td-a-rec td-a-rec-id-content_bottom td_uid_31_5cfa51c121e3a_rand td_block_template_1\"><img loading=\"lazy\" decoding=\"async\" class=\"alignright size-full wp-image-1724\" src=\"https:\/\/www.sidwaya.info\/wp-content\/uploads\/2018\/12\/sidwaya-pub.jpg\" alt=\"\" width=\"720\" height=\"90\"\/><\/div>\n<p>Auteur: JK. Sidwaya<br \/>\n<a href=\"https:\/\/www.sidwaya.info\/blog\/2019\/06\/07\/cote-divoire-a-la-decouverte-de-la-faitiere-des-operateurs-economiques-burkinabe\/\">Cliquez ici pour lire l&rsquo;article depuis sa source.<\/a><\/p>\n","protected":false},"excerpt":{"rendered":"<p>La nouvelle fa\u00eeti\u00e8re est all\u00e9e expliquer le bien-fond\u00e9 de leur association \u00e0 l\u2019ambassadeur du Burkina \u00e0 Abidjan, Mahamadou Zongo. L\u2019Ambassadeur du Burkina Faso en C\u00f4te d\u2019Ivoire, SEM. Mahamadou ZONGO, le Consul G\u00e9n\u00e9ral du Burkina Faso \u00e0 Abidjan, Monsieur Benjamin NANA, le Ministre conseiller de l\u2019Ambassade, Monsieur Mamadou ILBOUDO et le Conseiller charg\u00e9 des questions douani\u00e8res [&hellip;]<\/p>\n","protected":false},"author":1816,"featured_media":0,"comment_status":"closed","ping_status":"closed","sticky":false,"template":"","format":"standard","meta":{"fifu_image_url":"","fifu_image_alt":"","footnotes":""},"categories":[73,81],"tags":[],"class_list":["post-39182","post","type-post","status-publish","format-standard","hentry","category-actualite","category-burkina-faso"],"_links":{"self":[{"href":"https:\/\/linitiative.ca\/International\/wp-json\/wp\/v2\/posts\/39182","targetHints":{"allow":["GET"]}}],"collection":[{"href":"https:\/\/linitiative.ca\/International\/wp-json\/wp\/v2\/posts"}],"about":[{"href":"https:\/\/linitiative.ca\/International\/wp-json\/wp\/v2\/types\/post"}],"author":[{"embeddable":true,"href":"https:\/\/linitiative.ca\/International\/wp-json\/wp\/v2\/users\/1816"}],"replies":[{"embeddable":true,"href":"https:\/\/linitiative.ca\/International\/wp-json\/wp\/v2\/comments?post=39182"}],"version-history":[{"count":0,"href":"https:\/\/linitiative.ca\/International\/wp-json\/wp\/v2\/posts\/39182\/revisions"}],"wp:attachment":[{"href":"https:\/\/linitiative.ca\/International\/wp-json\/wp\/v2\/media?parent=39182"}],"wp:term":[{"taxonomy":"category","embeddable":true,"href":"https:\/\/linitiative.ca\/International\/wp-json\/wp\/v2\/categories?post=39182"},{"taxonomy":"post_tag","embeddable":true,"href":"https:\/\/linitiative.ca\/International\/wp-json\/wp\/v2\/tags?post=39182"}],"curies":[{"name":"wp","href":"https:\/\/api.w.org\/{rel}","templated":true}]}}