{"id":39193,"date":"2019-06-07T01:14:41","date_gmt":"2019-06-07T05:14:41","guid":{"rendered":"https:\/\/linitiative.ca\/International\/securite-alimentaire-une-foire-pour-la-promotion-des-semences-ameliorees\/"},"modified":"2019-06-07T01:14:41","modified_gmt":"2019-06-07T05:14:41","slug":"securite-alimentaire-une-foire-pour-la-promotion-des-semences-ameliorees","status":"publish","type":"post","link":"https:\/\/linitiative.ca\/International\/securite-alimentaire-une-foire-pour-la-promotion-des-semences-ameliorees\/","title":{"rendered":"S\u00e9curit\u00e9 alimentaire : Une foire pour la promotion  des semences am\u00e9lior\u00e9es"},"content":{"rendered":"<div class=\"td-post-featured-image\" readability=\"36\"><a href=\"https:\/\/i0.wp.com\/www.sidwaya.info\/wp-content\/uploads\/2019\/06\/foire1.jpg?fit=787%2C525&#038;ssl=1\" data-caption=\"A travers cette coupure de ruban, le ministre d\u00e9l\u00e9gu\u00e9 charg\u00e9 de la Recherche et de l\u2019Innovation, Urbain Couldiati (ciseau en main) a ouvert les stands d\u2019expositions-ventes des semences am\u00e9lior\u00e9es.\"><img loading=\"lazy\" decoding=\"async\" width=\"696\" height=\"464\" class=\"entry-thumb td-modal-image\" src=\"https:\/\/i0.wp.com\/www.sidwaya.info\/wp-content\/uploads\/2019\/06\/foire1.jpg?resize=696%2C464&#038;ssl=1\" srcset=\"https:\/\/i0.wp.com\/www.sidwaya.info\/wp-content\/uploads\/2019\/06\/foire1.jpg?w=787&#038;ssl=1 787w, https:\/\/i0.wp.com\/www.sidwaya.info\/wp-content\/uploads\/2019\/06\/foire1.jpg?resize=300%2C200&#038;ssl=1 300w, https:\/\/i0.wp.com\/www.sidwaya.info\/wp-content\/uploads\/2019\/06\/foire1.jpg?resize=768%2C512&#038;ssl=1 768w, https:\/\/i0.wp.com\/www.sidwaya.info\/wp-content\/uploads\/2019\/06\/foire1.jpg?resize=696%2C464&#038;ssl=1 696w, https:\/\/i0.wp.com\/www.sidwaya.info\/wp-content\/uploads\/2019\/06\/foire1.jpg?resize=630%2C420&#038;ssl=1 630w\" sizes=\"auto, (max-width: 696px) 100vw, 696px\" alt=\"\" title=\"foire1\"\/><\/a>A travers cette coupure de ruban, le ministre d\u00e9l\u00e9gu\u00e9 charg\u00e9 de la Recherche et de l\u2019Innovation, Urbain Couldiati (ciseau en main) a ouvert les stands d\u2019expositions-ventes des semences am\u00e9lior\u00e9es.<\/div>\n<div class=\"td-a-rec td-a-rec-id-content_top td_uid_30_5cfa51c7138ba_rand td_block_template_1\"><img loading=\"lazy\" decoding=\"async\" class=\"aligncenter size-full wp-image-4463\" src=\"https:\/\/www.sidwaya.info\/wp-content\/uploads\/2019\/02\/FESPACO-TOUR-2019-Bannie%CC%80re-728x90-1.jpg\" alt=\"\" width=\"728\" height=\"90\"\/><\/div>\n<p><strong>L\u2019Institut de l\u2019environnement et des recherches agricoles (INERA) organise du 6 au 9 juin 2019 \u00e0 Ouagadougou, la 10e \u00e9dition de la foire aux semences am\u00e9lior\u00e9es sur le th\u00e8me\u00a0: \u00abProbl\u00e9matique de la production des semences des cultures orphelines et de niches dans un contexte de changement climatique\u00bb.<\/strong><\/p>\n<p>La saison agricole 2019-2020 vient de d\u00e9marrer. Conscient de la place qu\u2019occupent les semences am\u00e9lior\u00e9es dans le syst\u00e8me de production agricole, l\u2019Institut de l\u2019environnement et des recherches agricoles (INERA) fait la promotion des fruits de ses recherches. C\u2019est dans ce cadre qu\u2019il organise du 6 au 9 juin 2019 au sein de l\u2019institut \u00e0 Ouagadougou, la 10e \u00e9dition de la foire des semences am\u00e9lior\u00e9es sous le th\u00e8me\u00a0: \u00abProbl\u00e9matique de la production des semences des cultures orphelines et de niches dans un contexte de changement climatique\u00bb.<\/p>\n<p>Selon le directeur de l\u2019INERA, Hamidou Traor\u00e9, il s\u2019agit d\u2019inciter les producteurs \u00e0 utiliser davantage les semences de vari\u00e9t\u00e9s am\u00e9lior\u00e9es de qualit\u00e9. En plus de cela, la foire veut jeter les bases de r\u00e9flexion afin de lever les contraintes qui entravent la production des cultures orphelines et de niches que sont le voandzou, le gingembre, le taro, l\u2019igname, le fabirama (cultures orphelines), le paprika, le s\u00e9same, le souchet, la patate, le manioc, le bissap et le gombo (cultures de niches).<\/p>\n<p>\u00abDans ces fili\u00e8res, tr\u00e8s peu de technologies ont \u00e9t\u00e9 d\u00e9velopp\u00e9es malgr\u00e9 leur contribution significative \u00e0 la s\u00e9curit\u00e9 alimentaire et nutritionnelle et \u00e9galement \u00e0 la cr\u00e9ation de revenus aussi bien pour les m\u00e9nages que pour l\u2019\u00e9conomie nationale \u00e0 travers les recettes d\u2019exportations\u00bb, a expliqu\u00e9 le ministre d\u00e9l\u00e9gu\u00e9 charg\u00e9 de la Recherche et de l\u2019Innovation, Urbain Couldiati.<\/p>\n<p>Selon lui, les contraintes au d\u00e9veloppement de ces cultures sont, entre autres, la faible disponibilit\u00e9 des vari\u00e9t\u00e9s am\u00e9lior\u00e9es, le faible niveau technique des agents d\u2019appui-conseil, la faible ma\u00eetrise des bonnes pratiques agricoles par les producteurs.<\/p>\n<p><img loading=\"lazy\" decoding=\"async\" class=\"size-medium wp-image-8933\" src=\"https:\/\/i1.wp.com\/www.sidwaya.info\/wp-content\/uploads\/2019\/06\/foire2.jpg?resize=300%2C200&#038;ssl=1\" alt=\"\" width=\"300\" height=\"200\" srcset=\"https:\/\/i1.wp.com\/www.sidwaya.info\/wp-content\/uploads\/2019\/06\/foire2.jpg?resize=300%2C200&#038;ssl=1 300w, https:\/\/i1.wp.com\/www.sidwaya.info\/wp-content\/uploads\/2019\/06\/foire2.jpg?resize=768%2C512&#038;ssl=1 768w, https:\/\/i1.wp.com\/www.sidwaya.info\/wp-content\/uploads\/2019\/06\/foire2.jpg?resize=696%2C464&#038;ssl=1 696w, https:\/\/i1.wp.com\/www.sidwaya.info\/wp-content\/uploads\/2019\/06\/foire2.jpg?resize=630%2C420&#038;ssl=1 630w, https:\/\/i1.wp.com\/www.sidwaya.info\/wp-content\/uploads\/2019\/06\/foire2.jpg?w=787&#038;ssl=1 787w\" sizes=\"auto, (max-width: 300px) 100vw, 300px\" data-recalc-dims=\"1\"\/>Bient\u00f4t, les producteurs auront, entre autres, des semences am\u00e9lior\u00e9es d\u2019igname, de vaondzou et de manioc.<\/p>\n<p>Ainsi, durant quatre jours, ce sont des activit\u00e9s de communication-information-sensibilisation, de renforcement de capacit\u00e9 et des expositions vente de semences et de plants produits par l\u2019INERA qui seront men\u00e9es. \u00abA travers cette foire, il s\u2019agit d\u2019interpeller les chercheurs de l\u2019institut \u00e0 mettre l\u2019accent sur la production de semences de pr\u00e9base et de base des cultures orphelines et de niches\u00bb, a soulign\u00e9 le ministre d\u00e9l\u00e9gu\u00e9.<\/p>\n<h3>Vivement des semences am\u00e9lior\u00e9es<\/h3>\n<p>Pour le secr\u00e9taire g\u00e9n\u00e9ral du minist\u00e8re de l\u2019Agriculture et des Am\u00e9nagements hydroagricoles, Lamourdia Thiombiano, ces cultures, de par leur contribution \u00e0 la s\u00e9curit\u00e9 alimentaire et nutritionnelle, sont des sp\u00e9culations \u00e0 promouvoir dans le contexte de changement climatique.<\/p>\n<p>\u00abDes initiatives d\u2019accompagnement des acteurs de ces fili\u00e8res sont en cours notamment le projet d\u2019am\u00e9lioration de la productivit\u00e9 agricole des petits exploitants et celui de valorisation de ma\u00efs \u00e0 haut rendement. Cela va accro\u00eetre la disponibilit\u00e9 en quantit\u00e9 et en qualit\u00e9 des semences am\u00e9lior\u00e9es\u00bb, a indiqu\u00e9 le SG.<\/p>\n<p>Et le directeur de pr\u00e9ciser que son institut \u00e0 travers ses huit stations de recherches et d\u2019antennes, met tout en \u0153uvre pour am\u00e9liorer la productivit\u00e9 de ces cultures. Ce sont 530 agents qui s\u2019y attellent. En rappel, pour la pr\u00e9sente campagne agricole, le gouvernement accompagne les producteurs avec 4 300 tonnes de semences am\u00e9lior\u00e9es certifi\u00e9es et 33\u00a0500 tonnes d\u2019engrais min\u00e9raux.<\/p>\n<p class=\"c1\"><strong>Fleur BIRBA<\/strong><br \/>fleurbirba@gmail.com<\/p>\n<div class=\"td-a-rec td-a-rec-id-content_bottom td_uid_31_5cfa51c713a85_rand td_block_template_1\"><img loading=\"lazy\" decoding=\"async\" class=\"alignright size-full wp-image-1724\" src=\"https:\/\/www.sidwaya.info\/wp-content\/uploads\/2018\/12\/sidwaya-pub.jpg\" alt=\"\" width=\"720\" height=\"90\"\/><\/div>\n<p>Auteur: JK. Sidwaya<br \/>\n<a href=\"https:\/\/www.sidwaya.info\/blog\/2019\/06\/07\/securite-alimentaire-une-foire-pour-la-promotion-des-semences-ameliorees\/\">Cliquez ici pour lire l&rsquo;article depuis sa source.<\/a><\/p>\n","protected":false},"excerpt":{"rendered":"<p>A travers cette coupure de ruban, le ministre d\u00e9l\u00e9gu\u00e9 charg\u00e9 de la Recherche et de l\u2019Innovation, Urbain Couldiati (ciseau en main) a ouvert les stands d\u2019expositions-ventes des semences am\u00e9lior\u00e9es. L\u2019Institut de l\u2019environnement et des recherches agricoles (INERA) organise du 6 au 9 juin 2019 \u00e0 Ouagadougou, la 10e \u00e9dition de la foire aux semences am\u00e9lior\u00e9es [&hellip;]<\/p>\n","protected":false},"author":1816,"featured_media":0,"comment_status":"closed","ping_status":"closed","sticky":false,"template":"","format":"standard","meta":{"fifu_image_url":"","fifu_image_alt":"","footnotes":""},"categories":[73,81],"tags":[],"class_list":["post-39193","post","type-post","status-publish","format-standard","hentry","category-actualite","category-burkina-faso"],"_links":{"self":[{"href":"https:\/\/linitiative.ca\/International\/wp-json\/wp\/v2\/posts\/39193","targetHints":{"allow":["GET"]}}],"collection":[{"href":"https:\/\/linitiative.ca\/International\/wp-json\/wp\/v2\/posts"}],"about":[{"href":"https:\/\/linitiative.ca\/International\/wp-json\/wp\/v2\/types\/post"}],"author":[{"embeddable":true,"href":"https:\/\/linitiative.ca\/International\/wp-json\/wp\/v2\/users\/1816"}],"replies":[{"embeddable":true,"href":"https:\/\/linitiative.ca\/International\/wp-json\/wp\/v2\/comments?post=39193"}],"version-history":[{"count":0,"href":"https:\/\/linitiative.ca\/International\/wp-json\/wp\/v2\/posts\/39193\/revisions"}],"wp:attachment":[{"href":"https:\/\/linitiative.ca\/International\/wp-json\/wp\/v2\/media?parent=39193"}],"wp:term":[{"taxonomy":"category","embeddable":true,"href":"https:\/\/linitiative.ca\/International\/wp-json\/wp\/v2\/categories?post=39193"},{"taxonomy":"post_tag","embeddable":true,"href":"https:\/\/linitiative.ca\/International\/wp-json\/wp\/v2\/tags?post=39193"}],"curies":[{"name":"wp","href":"https:\/\/api.w.org\/{rel}","templated":true}]}}