{"id":39195,"date":"2019-06-06T19:27:00","date_gmt":"2019-06-06T23:27:00","guid":{"rendered":"https:\/\/linitiative.ca\/International\/les-senateurs-menendez-et-romney-presentent-une-resolution-reaffirmant-le-soutien-americain-a-la-tunisie\/"},"modified":"2019-06-06T19:27:00","modified_gmt":"2019-06-06T23:27:00","slug":"les-senateurs-menendez-et-romney-presentent-une-resolution-reaffirmant-le-soutien-americain-a-la-tunisie","status":"publish","type":"post","link":"https:\/\/linitiative.ca\/International\/les-senateurs-menendez-et-romney-presentent-une-resolution-reaffirmant-le-soutien-americain-a-la-tunisie\/","title":{"rendered":"Les s\u00e9nateurs Menendez et Romney pr\u00e9sentent une r\u00e9solution r\u00e9affirmant le soutien am\u00e9ricain \u00e0 la Tunisie"},"content":{"rendered":"<p><em><strong>WASHINGTON &#8211;<\/strong><\/em> Alors que la Tunisie s\u2019appr\u00eate \u00e0 \u00eatre \u00e9lue ce vendredi 7 juin par l\u2019Assembl\u00e9e\u00a0 g\u00e9n\u00e9rale de l\u2019ONU, \u00e0 New York, en tant que membre non permanent du Conseil de S\u00e9curit\u00e9, le S\u00e9nat am\u00e9ricain est saisi d\u2019une <a href=\"https:\/\/www.foreign.senate.gov\/imo\/media\/doc\/Tunisia%20Menendez%20Romney.pdf\">r\u00e9solution d\u2019appui \u00e0 la transition d\u00e9mocratique<\/a> amorc\u00e9e. C\u2019est ainsi que le s\u00e9nateur Bob Menendez (DN.J.), membre \u00e9minent de la commission des relations ext\u00e9rieures du S\u00e9nat, et le s\u00e9nateur Mitt Romney (R-Utah), ont pr\u00e9sent\u00e9 mercredi 5 juin 2019 une r\u00e9solution du S\u00e9nat visant \u00e0 r\u00e9affirmer le partenariat am\u00e9ricano-tunisien et \u00e0 soutenir publiquement le processus tunisien en cours, une transition vers une d\u00e9mocratie dynamique et stable. Alors que la Tunisie se dirige vers les \u00e9lections l\u00e9gislatives et pr\u00e9sidentielles pr\u00e9vues plus tard cette ann\u00e9e, les s\u00e9nateurs ont f\u00e9licit\u00e9 le peuple tunisien et ses dirigeants politiques pour leur engagement en faveur de la d\u00e9mocratie et de l&rsquo;\u00e9tat de droit.<\/p>\n<h2><strong>Le projet de r\u00e9solution, y lit-on<\/strong><\/h2>\n<p>\u00ab\u00a0r\u00e9affirme l&rsquo;engagement du gouvernement des \u00c9tats-Unis \u00e0 l&rsquo;\u00e9gard de la Tunisie, y compris un engagement \u00e0 fournir des niveaux d&rsquo;assistance appropri\u00e9s, \u00e0 l&rsquo;appui de la transition en cours de la Tunisie vers une d\u00e9mocratie inclusive, prosp\u00e8re et s\u00fbre;<\/p>\n<p>reconna\u00eet d\u2019importants partenariats, notamment:<\/p>\n<ul>\n<li>(A) le Dialogue strat\u00e9gique entre les \u00c9tats-Unis et la Tunisie ;<\/li>\n<li>(B) la mission militaire commune am\u00e9ricano-tunisienne ;<\/li>\n<li>(C) la mission conjointe \u00e9conomique et \u00e9conomique conjointe am\u00e9ricano-tunisienne ;<\/li>\n<li>(D) le Fonds tuniso-am\u00e9ricain d&rsquo;entreprise<\/li>\n<li>(E) \u00e9changes internationaux d\u2019enseignement, 16 programmes, y compris les programme Fulbright et Thomas Jefferson Scholars ;<\/li>\n<\/ul>\n<p>demande instamment aux \u00c9tats-Unis de renforcer leur engagement et leur coop\u00e9ration avec le peuple et le gouvernement de la Tunisie\u00a0 notamment:<\/p>\n<ul>\n<li>(A) les institutions d\u00e9mocratiques de la Tunisie ;<\/li>\n<li>(B) soci\u00e9t\u00e9 civile ;<\/li>\n<li>(C) \u00e9coles et universit\u00e9s ;<\/li>\n<li>(D) m\u00e9dias ind\u00e9pendants ; et<\/li>\n<li>(E) le secteur priv\u00e9; et\u00a0<\/li>\n<\/ul>\n<p>r\u00e9affirme l\u2019amiti\u00e9 historique et durable entre le peuple des \u00c9tats-Unis et le peuple tunisien.\u00a0\u00bb<\/p>\n<h2>Le s\u00e9nateur Menendez: nous soutenons le peuple tunisien dans sa qu\u00eate de la libert\u00e9 et de la d\u00e9mocratie<\/h2>\n<p>\u00ab Je suis ravi de pr\u00e9senter cette r\u00e9solution r\u00e9affirmant le partenariat solide qui unit la Tunisie et les Etats-Unis \u00bb, a d\u00e9clar\u00e9 le s\u00e9nateur Menendez. \u00ab Partout au Moyen-Orient et dans le monde, il est essentiel que les \u00c9tats-Unis soutiennent leurs partenaires dans la poursuite des valeurs d\u00e9mocratiques, notamment des \u00e9lections libres et \u00e9quitables, le respect de la loi, des libert\u00e9s et des droits universels pour tous les citoyens. L&rsquo;instabilit\u00e9 \u00e9tant particuli\u00e8rement forte autour de ses fronti\u00e8res, il est essentiel de r\u00e9affirmer notre soutien ainsi que nos valeurs, nos int\u00e9r\u00eats et notre qu\u00eate de la stabilit\u00e9 et de la s\u00e9curit\u00e9 \u00e0 long terme.<\/p>\n<p>\u00ab\u00a0En tant que pr\u00e9sident de la sous-commission des relations \u00e9trang\u00e8res ayant comp\u00e9tence pour les questions concernant les relations entre les Etats-Unis et la Tunisie, je suis fier de rejoindre le membre en titre Menendez pour pr\u00e9senter cette r\u00e9solution aujourd&rsquo;hui\u00a0\u00bb, a d\u00e9clar\u00e9 le s\u00e9nateur Romney. \u00ab\u00a0Avec cette r\u00e9solution, nous r\u00e9affirmons le partenariat entre la Tunisie et les \u00c9tats-Unis et soutenons le peuple tunisien dans sa qu\u00eate de la libert\u00e9 et de la d\u00e9mocratie.<\/p>\n<p>(D&rsquo;apr\u00e8s Communiqu\u00e9 du S\u00e9nat Am\u00e9ricain)<\/p>\n<p><a href=\"https:\/\/www.foreign.senate.gov\/imo\/media\/doc\/Tunisia%20Menendez%20Romney.pdf\">T\u00e9l\u00e9charger le texte du projet de la r\u00e9solution<\/a><\/p>\n<h2>\u00a0<\/h2>\n<h2>Traduction non-officielle de projet de la r\u00e9solution<\/h2>\n<p><span class=\"c2\"><strong>R\u00c9SOLUTION R\u00e9affirmant le partenariat \u00e9troit qui unit la Tunisie et les \u00c9tats-Unis et soutenant le peuple tunisien dans sa poursuite des r\u00e9formes d\u00e9mocratiques.<\/strong><\/span><\/p>\n<p>Consid\u00e9rant que les relations entre les \u00c9tats-Unis et la Tunisie ont d\u00e9but\u00e9 en 1795 et que les deux pays sont partenaires dans les domaines du commerce et de la s\u00e9curit\u00e9 depuis la signature du trait\u00e9 de paix et d&rsquo;amiti\u00e9 sign\u00e9 \u00e0 Tunis le 28 ao\u00fbt 1797 ;<\/p>\n<p>Consid\u00e9rant que les Etats-Unis ont \u00e9t\u00e9 la premi\u00e8re puissance majeure \u00e0 reconna\u00eetre une Tunisie souveraine, apr\u00e8s son ind\u00e9pendance de la France en 1956 ;<\/p>\n<p>Consid\u00e9rant que les peuples des \u00c9tats-Unis et de la Tunisie partagent des valeurs fondamentales telles que le respect des droits de l&rsquo;homme, la d\u00e9mocratie et la primaut\u00e9 du droit ;<\/p>\n<p>Consid\u00e9rant que, le 14 janvier 2011, les manifestations de masse pacifiques de la r\u00e9volution du jasmin ont mis fin avec succ\u00e8s au r\u00e9gime autoritaire du pr\u00e9sident Ben Ali;<\/p>\n<p>Consid\u00e9rant que, \u00e0 la suite de la d\u00e9mission de Ben Ali, les Tunisiens :<\/p>\n<ul>\n<li>1) ont initi\u00e9 une transition pacifique, consensuelle et inclusive vers la d\u00e9mocratie;<\/li>\n<li>(2) organis\u00e9 les premi\u00e8res \u00e9lections d\u00e9mocratiques multipartites et comp\u00e9titives du Printemps arabe de 2011 ;<\/li>\n<li>(3) adopt\u00e9 une nouvelle constitution en 2014 ;<\/li>\n<li>et (4) a tenu de nouvelles \u00e9lections en vertu de cette constitution plus tard cette ann\u00e9e<\/li>\n<\/ul>\n<p>Attendu que, le 31 d\u00e9cembre 2014, apr\u00e8s avoir remport\u00e9 une \u00e9lection pr\u00e9sidentielle libre et \u00e9quitable, Beji Caid Essebsi a \u00e9t\u00e9 inaugur\u00e9 en tant que premier pr\u00e9sident librement \u00e9lu de la Tunisie ;<\/p>\n<p>Attendu que, le 9 octobre 2015, le Comit\u00e9 Nobel de Norv\u00e8ge a d\u00e9cern\u00e9 le Prix Nobel de la Paix 2015 au Quartet de dialogue national tunisien, une coalition de 4 organisations de la soci\u00e9t\u00e9 civile, pour le travail de la coalition :<\/p>\n<ul>\n<li>(1) en s\u2019appuyant sur les promesses de la R\u00e9volution du jasmin de 2011;<\/li>\n<li>(2) et en veillant \u00e0 ce que la transition de la Tunisie vers une d\u00e9mocratie ne se transforme pas en violence ni en un autoritarisme renouvel\u00e9;<\/li>\n<\/ul>\n<p>Consid\u00e9rant que la Tunisie est le seul pays d\u2019Afrique du Nord \u00e0 avoir obtenu la note \u00abFree\u00bb dans le rapport annuel Freedom in the World de Freedom House et qu\u2019elle maintient la note \u00abFree\u00bb depuis 2015;<\/p>\n<p>Consid\u00e9rant que l\u2019\u00e9volution politique de la Tunisie est une source d\u2019inspiration pour les citoyens d\u2019autres Etats aspirant \u00e0 cr\u00e9er les institutions de la d\u00e9mocratie apr\u00e8s une histoire de gouvernement autocratique ;<\/p>\n<p>Consid\u00e9rant que la Tunisie a subi des attaques terroristes importantes en 2015 et 2016 ;<\/p>\n<p>Attendu que, le 29 octobre 2018, un attentat terroriste sur l&rsquo;avenue Habib Bourguiba \u00e0 Tunis avait bless\u00e9 20 personnes et avait \u00e9t\u00e9 perp\u00e9tr\u00e9 par un dipl\u00f4m\u00e9 universitaire au ch\u00f4mage en ch\u00f4mage depuis 3 ans et n&rsquo;ayant aucun lien connu avec des groupes terroristes;<\/p>\n<p>Consid\u00e9rant que, \u00e0 la suite de ces attaques, les citoyens et les dirigeants tunisiens ont r\u00e9affirm\u00e9 leur engagement en faveur du dialogue, du pluralisme et de la d\u00e9mocratie ;<\/p>\n<p>Consid\u00e9rant qu&rsquo;un nombre important de combattants tunisiens appartenant \u00e0 des groupes extr\u00e9mistes, notamment les Etats islamiques d&rsquo;Irak et de Syrie (ISIS), seraient rentr\u00e9s en Tunisie, souvent dans la clandestinit\u00e9, entre 2011 et 2018 ;<\/p>\n<p>Consid\u00e9rant que la Tunisie continue de faire face \u00e0 de graves menaces pour sa s\u00e9curit\u00e9 de la part de groupes extr\u00e9mistes violents op\u00e9rant dans le pays ainsi que dans les pays voisins ;<\/p>\n<p>Consid\u00e9rant que, en juillet 2015, le pr\u00e9sident Obama a d\u00e9sign\u00e9 la Tunisie parmi les\u00a0 pays alli\u00e9s majeurs non membres de l&rsquo;OTAN ;<\/p>\n<p>Consid\u00e9rant que la Tunisie a consacr\u00e9 environ 15% de son budget aux minist\u00e8res de la d\u00e9fense et de l&rsquo;int\u00e9rieur en mati\u00e8re de lutte contre le terrorisme au cours des derni\u00e8res ann\u00e9es, aux d\u00e9pens du d\u00e9veloppement \u00e9conomique et social ;<\/p>\n<p>Consid\u00e9rant que la Tunisie est confront\u00e9e \u00e0 des d\u00e9fis \u00e9conomiques, notamment une inflation \u00e9lev\u00e9e et un taux de ch\u00f4mage \u00e9lev\u00e9, en particulier chez les jeunes Tunisiens ;<\/p>\n<p>Consid\u00e9rant que le gouvernement des \u00c9tats-Unis s&rsquo;est engag\u00e9 \u00e0 poursuivre un partenariat \u00e9conomique fort avec la Tunisie et que le gouvernement entreprend des r\u00e9formes pour transformer son \u00e9conomie afin de r\u00e9pondre aux aspirations de tous les citoyens tunisiens ;<\/p>\n<p>Consid\u00e9rant qu&rsquo;il est dans l&rsquo;int\u00e9r\u00eat des \u00c9tats-Unis et conforme \u00e0 leurs valeurs de soutenir les aspirations du peuple tunisien en faveur du d\u00e9veloppement d&rsquo;une d\u00e9mocratie pluraliste et d&rsquo;institutions transparentes et efficaces ;<\/p>\n<p><span class=\"c2\"><span class=\"c3\"><strong>R\u00e9affirme l&rsquo;engagement du gouvernement des \u00c9tats-Unis \u00e0 l&rsquo;\u00e9gard de la Tunisie,<\/strong><\/span><\/span> y compris un engagement \u00e0 fournir des niveaux d&rsquo;assistance appropri\u00e9s, \u00e0 l&rsquo;appui de la transition en cours de la Tunisie vers une d\u00e9mocratie inclusive, prosp\u00e8re et s\u00fbre;<br \/>reconna\u00eet d\u2019importants partenariats, notamment:<\/p>\n<ul>\n<li>(A) le Dialogue strat\u00e9gique entre les \u00c9tats-Unis et la Tunisie ;<\/li>\n<li>(B) la mission militaire commune am\u00e9ricano-tunisienne ;<\/li>\n<li>(C) la mission conjointe \u00e9conomique et \u00e9conomique conjointe am\u00e9ricano-tunisienne ;<\/li>\n<li>(D) le Fonds tuniso-am\u00e9ricain d&rsquo;entreprise<\/li>\n<li>(E) \u00e9changes internationaux d\u2019enseignement, 16 programmes, y compris les programme Fulbright et Thomas Jefferson Scholars ;<\/li>\n<\/ul>\n<p><span class=\"c2\"><span class=\"c3\"><strong>Demande instamment aux \u00c9tats-Unis de renforcer leur engagement et leur coop\u00e9ration avec le peuple et le gouvernement de la Tunisie\u00a0<\/strong><\/span><\/span> notamment:<\/p>\n<ul>\n<li>(A) les institutions d\u00e9mocratiques de la Tunisie ;<\/li>\n<li>(B) soci\u00e9t\u00e9 civile ;<\/li>\n<li>(C) \u00e9coles et universit\u00e9s ;<\/li>\n<li>(D) m\u00e9dias ind\u00e9pendants ; et<\/li>\n<li>(E) le secteur priv\u00e9c; et\u00a0<\/li>\n<\/ul>\n<p><span class=\"c2\"><span class=\"c3\"><strong>R\u00e9affirme l\u2019amiti\u00e9 historique et durable<\/strong><\/span><\/span> entre le peuple des \u00c9tats-Unis et le peuple tunisien.<br \/>\u00a0<\/p>\n<p>Auteur:<br \/>\n<a href=\"https:\/\/www.leaders.com.tn\/article\/27247-les-senateurs-menendez-et-romney-presenetent-une-resolution-reaffirmant-le-soutien-americain-a-la-tunisie\">Cliquez ici pour lire l&rsquo;article depuis sa source.<\/a><\/p>\n","protected":false},"excerpt":{"rendered":"<p>WASHINGTON &#8211; Alors que la Tunisie s\u2019appr\u00eate \u00e0 \u00eatre \u00e9lue ce vendredi 7 juin par l\u2019Assembl\u00e9e\u00a0 g\u00e9n\u00e9rale de l\u2019ONU, \u00e0 New York, en tant que membre non permanent du Conseil de S\u00e9curit\u00e9, le S\u00e9nat am\u00e9ricain est saisi d\u2019une r\u00e9solution d\u2019appui \u00e0 la transition d\u00e9mocratique amorc\u00e9e. C\u2019est ainsi que le s\u00e9nateur Bob Menendez (DN.J.), membre \u00e9minent [&hellip;]<\/p>\n","protected":false},"author":1772,"featured_media":0,"comment_status":"closed","ping_status":"closed","sticky":false,"template":"","format":"standard","meta":{"fifu_image_url":"","fifu_image_alt":"","footnotes":""},"categories":[73,55],"tags":[],"class_list":["post-39195","post","type-post","status-publish","format-standard","hentry","category-actualite","category-tunisie"],"_links":{"self":[{"href":"https:\/\/linitiative.ca\/International\/wp-json\/wp\/v2\/posts\/39195","targetHints":{"allow":["GET"]}}],"collection":[{"href":"https:\/\/linitiative.ca\/International\/wp-json\/wp\/v2\/posts"}],"about":[{"href":"https:\/\/linitiative.ca\/International\/wp-json\/wp\/v2\/types\/post"}],"author":[{"embeddable":true,"href":"https:\/\/linitiative.ca\/International\/wp-json\/wp\/v2\/users\/1772"}],"replies":[{"embeddable":true,"href":"https:\/\/linitiative.ca\/International\/wp-json\/wp\/v2\/comments?post=39195"}],"version-history":[{"count":0,"href":"https:\/\/linitiative.ca\/International\/wp-json\/wp\/v2\/posts\/39195\/revisions"}],"wp:attachment":[{"href":"https:\/\/linitiative.ca\/International\/wp-json\/wp\/v2\/media?parent=39195"}],"wp:term":[{"taxonomy":"category","embeddable":true,"href":"https:\/\/linitiative.ca\/International\/wp-json\/wp\/v2\/categories?post=39195"},{"taxonomy":"post_tag","embeddable":true,"href":"https:\/\/linitiative.ca\/International\/wp-json\/wp\/v2\/tags?post=39195"}],"curies":[{"name":"wp","href":"https:\/\/api.w.org\/{rel}","templated":true}]}}