{"id":39202,"date":"2019-06-07T07:18:08","date_gmt":"2019-06-07T11:18:08","guid":{"rendered":"https:\/\/linitiative.ca\/International\/forum-des-editeurs-de-presse-sur-la-lutte-contre-le-terrorisme\/"},"modified":"2019-06-07T07:18:08","modified_gmt":"2019-06-07T11:18:08","slug":"forum-des-editeurs-de-presse-sur-la-lutte-contre-le-terrorisme","status":"publish","type":"post","link":"https:\/\/linitiative.ca\/International\/forum-des-editeurs-de-presse-sur-la-lutte-contre-le-terrorisme\/","title":{"rendered":"Forum des \u00e9diteurs de presse sur la lutte contre le terrorisme"},"content":{"rendered":"<div readability=\"32\">\n<p>Publi\u00e9 le 07.06.2019 \u00e0 12h18 par APA News<\/p>\n<\/div>\n<div readability=\"76\">\n<p>Le Groupement des \u00e9diteurs de presse publique d\u2019Afrique de l\u2019Ouest (GEPPAO) organise, du 20 au 21 juin prochain \u00e0 Ouagadougou, un forum des m\u00e9dias sur la s\u00e9curit\u00e9 et la lutte contre le terrorisme o\u00f9 sont attendus quelque 300 participants issus de la zone UEMOA et du Maroc, a-t-on appris aupr\u00e8s des organisateurs de l\u2019\u00e9v\u00e8nement.\u00ab Les participants au forum sont constitu\u00e9s de journalistes, d\u2019hommes politiques, d\u2019experts sur les questions de s\u00e9curit\u00e9 et de lutte contre le terrorisme, de chercheurs et d\u2019\u00e9tudiants \u00bb, a indiqu\u00e9 le pr\u00e9sident du GEPPAO, l\u2019Ivoirien Venance Kouassi Konan, au cours d\u2019une conf\u00e9rence de presse donn\u00e9e jeudi soir \u00e0 Ouagadougou.<\/p>\n<p>Selon M. Konan, par ailleurs, Directeur g\u00e9n\u00e9ral (DG) de Fraternit\u00e9 Matin, le forum a pour th\u00e8me : \u00ab le r\u00f4le des m\u00e9dias dans la lutte contre le terrorisme en Afrique de l\u2019Ouest : entre contraintes s\u00e9curitaires et devoirs professionnels \u00bb.<\/p>\n<p>Ce forum, selon Venance Kouassi Konan, vise \u00e0 \u00ab saisir les m\u00e9canismes de bonnes pratiques en mati\u00e8re de communication dans un contexte de lutte contre le terrorisme, \u00e0 comprendre et \u00e0 recueillir les points de vue des sp\u00e9cialistes des diff\u00e9rents pays en vue d\u2019\u00e9tablir une collaboration en mati\u00e8re d\u2019harmonisation des approches du traitement des informations \u00bb.<\/p>\n<p>L\u2019autre objectif est de d\u00e9gager une politique commune en mati\u00e8re de communication dans la lutte contre le terrorisme dans la zone UEMOA et dans le G5 Sahel, a ajout\u00e9 M. Konan.<\/p>\n<p>La c\u00e9r\u00e9monie d\u2019ouverture de la rencontre, aux dires des animateurs de la conf\u00e9rence de presse, sera rehauss\u00e9e par la pr\u00e9sence effective du pr\u00e9sident du Faso, pr\u00e9sident en exercice du G5 Sahel, Roch Marc Christian Kabor\u00e9.<\/p>\n<p>Le GEPPAO est un regroupement des m\u00e9dias d\u2019\u00c9tat de presse \u00e9crite de l\u2019espace UEMOA qui a vu le jour en d\u00e9cembre 2014, \u00e0 Abidjan, \u00e0 la faveur du cinquantenaire de Fraternit\u00e9 Matin.<\/p>\n<\/div>\n<p>Auteur: APA News<br \/>\n<a href=\"https:\/\/www.journalducameroun.com\/forum-des-editeurs-de-presse-sur-la-lutte-contre-le-terrorisme\/\">Cliquez ici pour lire l&rsquo;article depuis sa source.<\/a><\/p>\n","protected":false},"excerpt":{"rendered":"<p>Publi\u00e9 le 07.06.2019 \u00e0 12h18 par APA News Le Groupement des \u00e9diteurs de presse publique d\u2019Afrique de l\u2019Ouest (GEPPAO) organise, du 20 au 21 juin prochain \u00e0 Ouagadougou, un forum des m\u00e9dias sur la s\u00e9curit\u00e9 et la lutte contre le terrorisme o\u00f9 sont attendus quelque 300 participants issus de la zone UEMOA et du Maroc, [&hellip;]<\/p>\n","protected":false},"author":1965,"featured_media":0,"comment_status":"closed","ping_status":"closed","sticky":false,"template":"","format":"standard","meta":{"fifu_image_url":"","fifu_image_alt":"","footnotes":""},"categories":[73,82],"tags":[],"class_list":["post-39202","post","type-post","status-publish","format-standard","hentry","category-actualite","category-cameroun"],"_links":{"self":[{"href":"https:\/\/linitiative.ca\/International\/wp-json\/wp\/v2\/posts\/39202","targetHints":{"allow":["GET"]}}],"collection":[{"href":"https:\/\/linitiative.ca\/International\/wp-json\/wp\/v2\/posts"}],"about":[{"href":"https:\/\/linitiative.ca\/International\/wp-json\/wp\/v2\/types\/post"}],"author":[{"embeddable":true,"href":"https:\/\/linitiative.ca\/International\/wp-json\/wp\/v2\/users\/1965"}],"replies":[{"embeddable":true,"href":"https:\/\/linitiative.ca\/International\/wp-json\/wp\/v2\/comments?post=39202"}],"version-history":[{"count":0,"href":"https:\/\/linitiative.ca\/International\/wp-json\/wp\/v2\/posts\/39202\/revisions"}],"wp:attachment":[{"href":"https:\/\/linitiative.ca\/International\/wp-json\/wp\/v2\/media?parent=39202"}],"wp:term":[{"taxonomy":"category","embeddable":true,"href":"https:\/\/linitiative.ca\/International\/wp-json\/wp\/v2\/categories?post=39202"},{"taxonomy":"post_tag","embeddable":true,"href":"https:\/\/linitiative.ca\/International\/wp-json\/wp\/v2\/tags?post=39202"}],"curies":[{"name":"wp","href":"https:\/\/api.w.org\/{rel}","templated":true}]}}