{"id":39203,"date":"2019-06-07T06:20:00","date_gmt":"2019-06-07T10:20:00","guid":{"rendered":"https:\/\/linitiative.ca\/International\/dsk-au-congres-africain-des-experts-comptables\/"},"modified":"2019-06-07T06:20:00","modified_gmt":"2019-06-07T10:20:00","slug":"dsk-au-congres-africain-des-experts-comptables","status":"publish","type":"post","link":"https:\/\/linitiative.ca\/International\/dsk-au-congres-africain-des-experts-comptables\/","title":{"rendered":"DSK au congr\u00e8s africain des experts-comptables"},"content":{"rendered":"<p class=\"rtejustify\">Dominique Strauss Kahn, \u00e9conomiste et ancien directeur g\u00e9n\u00e9ral du FMI, sera pr\u00e9sent \u00e0 la 5e \u00e9dition du congr\u00e8s africain des experts-comptables, qui se tiendra du 19 au 21 juin \u00e0 Marrakech. C\u00f4t\u00e9 marocain, sont annonc\u00e9s le chef du gouvernement, le ministre des Finances, le ministre de la Justice, le tr\u00e9sorier g\u00e9n\u00e9ral du Royaume, le pr\u00e9sident de l\u2019Instance contre la corruption\u2026<\/p>\n<p class=\"rtejustify\"><em>H.E.<\/em><\/p>\n<p>Auteur: hlafriqi<br \/>\n<a href=\"https:\/\/www.leconomiste.com\/article\/1046005-dsk-au-congres-africain-des-experts-comptables\">Cliquez ici pour lire l&rsquo;article depuis sa source.<\/a><\/p>\n","protected":false},"excerpt":{"rendered":"<p>Dominique Strauss Kahn, \u00e9conomiste et ancien directeur g\u00e9n\u00e9ral du FMI, sera pr\u00e9sent \u00e0 la 5e \u00e9dition du congr\u00e8s africain des experts-comptables, qui se tiendra du 19 au 21 juin \u00e0 Marrakech. C\u00f4t\u00e9 marocain, sont annonc\u00e9s le chef du gouvernement, le ministre des Finances, le ministre de la Justice, le tr\u00e9sorier g\u00e9n\u00e9ral du Royaume, le pr\u00e9sident [&hellip;]<\/p>\n","protected":false},"author":1763,"featured_media":0,"comment_status":"closed","ping_status":"closed","sticky":false,"template":"","format":"standard","meta":{"fifu_image_url":"","fifu_image_alt":"","footnotes":""},"categories":[78,54],"tags":[],"class_list":["post-39203","post","type-post","status-publish","format-standard","hentry","category-economie","category-maroc"],"_links":{"self":[{"href":"https:\/\/linitiative.ca\/International\/wp-json\/wp\/v2\/posts\/39203","targetHints":{"allow":["GET"]}}],"collection":[{"href":"https:\/\/linitiative.ca\/International\/wp-json\/wp\/v2\/posts"}],"about":[{"href":"https:\/\/linitiative.ca\/International\/wp-json\/wp\/v2\/types\/post"}],"author":[{"embeddable":true,"href":"https:\/\/linitiative.ca\/International\/wp-json\/wp\/v2\/users\/1763"}],"replies":[{"embeddable":true,"href":"https:\/\/linitiative.ca\/International\/wp-json\/wp\/v2\/comments?post=39203"}],"version-history":[{"count":0,"href":"https:\/\/linitiative.ca\/International\/wp-json\/wp\/v2\/posts\/39203\/revisions"}],"wp:attachment":[{"href":"https:\/\/linitiative.ca\/International\/wp-json\/wp\/v2\/media?parent=39203"}],"wp:term":[{"taxonomy":"category","embeddable":true,"href":"https:\/\/linitiative.ca\/International\/wp-json\/wp\/v2\/categories?post=39203"},{"taxonomy":"post_tag","embeddable":true,"href":"https:\/\/linitiative.ca\/International\/wp-json\/wp\/v2\/tags?post=39203"}],"curies":[{"name":"wp","href":"https:\/\/api.w.org\/{rel}","templated":true}]}}