{"id":39208,"date":"2019-06-07T06:20:00","date_gmt":"2019-06-07T10:20:00","guid":{"rendered":"https:\/\/linitiative.ca\/International\/finance-verte-la-berd-finance-les-pme-via-sg-maroc\/"},"modified":"2019-06-07T06:20:00","modified_gmt":"2019-06-07T10:20:00","slug":"finance-verte-la-berd-finance-les-pme-via-sg-maroc","status":"publish","type":"post","link":"https:\/\/linitiative.ca\/International\/finance-verte-la-berd-finance-les-pme-via-sg-maroc\/","title":{"rendered":"Finance verte: La Berd finance les PME via SG Maroc"},"content":{"rendered":"<p class=\"rtejustify\">Soci\u00e9t\u00e9 G\u00e9n\u00e9rale Maroc vient de recevoir un pr\u00eat de 20 millions d\u2019euros (216 millions de DH de la Banque europ\u00e9enne pour la reconstruction et le d\u00e9veloppement (Berd). Ces fonds sont destin\u00e9s \u00e0 \u00absoutenir des projets verts port\u00e9s par des PMEs participant \u00e0 certaines chaines de valeurs et\/ou \u00e9cosyst\u00e8mes industriels\u00bb. Ils b\u00e9n\u00e9ficient du soutien financier de l\u2019Union europ\u00e9enne et du Fonds vert pour le climat. Selon SG Maroc, \u00ables PMEs \u00e9ligibles \u00e0 ce programme pourront en effet b\u00e9n\u00e9ficier d\u2019un accompagnement attractif int\u00e9grant un financement, une subvention \u00e0 l\u2019investissement et une expertise technique permettant de v\u00e9rifier et d\u2019optimiser la viabilit\u00e9 de leur projet d\u2019investissement vert\u00bb. Soci\u00e9t\u00e9 G\u00e9n\u00e9rale Maroc est, pour pr\u00e9cision, la premi\u00e8re banque partenaire de ce nouveau programme.<\/p>\n<p class=\"rtejustify\"><em>M.A.B.<\/em><\/p>\n<p>Auteur: hlafriqi<br \/>\n<a href=\"https:\/\/www.leconomiste.com\/article\/1046004-finance-verte-la-berd-finance-les-pme-sg-maroc\">Cliquez ici pour lire l&rsquo;article depuis sa source.<\/a><\/p>\n","protected":false},"excerpt":{"rendered":"<p>Soci\u00e9t\u00e9 G\u00e9n\u00e9rale Maroc vient de recevoir un pr\u00eat de 20 millions d\u2019euros (216 millions de DH de la Banque europ\u00e9enne pour la reconstruction et le d\u00e9veloppement (Berd). Ces fonds sont destin\u00e9s \u00e0 \u00absoutenir des projets verts port\u00e9s par des PMEs participant \u00e0 certaines chaines de valeurs et\/ou \u00e9cosyst\u00e8mes industriels\u00bb. Ils b\u00e9n\u00e9ficient du soutien financier de [&hellip;]<\/p>\n","protected":false},"author":1763,"featured_media":0,"comment_status":"closed","ping_status":"closed","sticky":false,"template":"","format":"standard","meta":{"fifu_image_url":"","fifu_image_alt":"","footnotes":""},"categories":[78,54],"tags":[],"class_list":["post-39208","post","type-post","status-publish","format-standard","hentry","category-economie","category-maroc"],"_links":{"self":[{"href":"https:\/\/linitiative.ca\/International\/wp-json\/wp\/v2\/posts\/39208","targetHints":{"allow":["GET"]}}],"collection":[{"href":"https:\/\/linitiative.ca\/International\/wp-json\/wp\/v2\/posts"}],"about":[{"href":"https:\/\/linitiative.ca\/International\/wp-json\/wp\/v2\/types\/post"}],"author":[{"embeddable":true,"href":"https:\/\/linitiative.ca\/International\/wp-json\/wp\/v2\/users\/1763"}],"replies":[{"embeddable":true,"href":"https:\/\/linitiative.ca\/International\/wp-json\/wp\/v2\/comments?post=39208"}],"version-history":[{"count":0,"href":"https:\/\/linitiative.ca\/International\/wp-json\/wp\/v2\/posts\/39208\/revisions"}],"wp:attachment":[{"href":"https:\/\/linitiative.ca\/International\/wp-json\/wp\/v2\/media?parent=39208"}],"wp:term":[{"taxonomy":"category","embeddable":true,"href":"https:\/\/linitiative.ca\/International\/wp-json\/wp\/v2\/categories?post=39208"},{"taxonomy":"post_tag","embeddable":true,"href":"https:\/\/linitiative.ca\/International\/wp-json\/wp\/v2\/tags?post=39208"}],"curies":[{"name":"wp","href":"https:\/\/api.w.org\/{rel}","templated":true}]}}