{"id":39213,"date":"2019-06-07T07:18:10","date_gmt":"2019-06-07T11:18:10","guid":{"rendered":"https:\/\/linitiative.ca\/International\/onze-tchadiens-condamnes-a-20-ans-de-prison-pour-mercenariat\/"},"modified":"2019-06-07T07:18:10","modified_gmt":"2019-06-07T11:18:10","slug":"onze-tchadiens-condamnes-a-20-ans-de-prison-pour-mercenariat","status":"publish","type":"post","link":"https:\/\/linitiative.ca\/International\/onze-tchadiens-condamnes-a-20-ans-de-prison-pour-mercenariat\/","title":{"rendered":"Onze Tchadiens condamn\u00e9s \u00e0 20 ans de prison pour mercenariat"},"content":{"rendered":"<div readability=\"32\">\n<p>Publi\u00e9 le 07.06.2019 \u00e0 12h18 par APA News<\/p>\n<\/div>\n<div readability=\"43\">\n<p>La session criminelle sp\u00e9ciale de la cour d\u2019appel de N\u2019Djamena a condamn\u00e9 \u00e0 20 ans de prison ferme onze Tchadiens, accus\u00e9s du d\u00e9lit de tentative de mercenariat.Selon le procureur g\u00e9n\u00e9ral, dans son r\u00e9quisitoire prononc\u00e9 jeudi soir lors du proc\u00e8s, \u00a0la peine se justifie dans la mesure o\u00f9 les mis en cause ont voulu pr\u00eat\u00e9 main forte \u00e0 un coup d\u2019Etat en Guin\u00e9e \u00e9quatoriale.<\/p>\n<p>Toutefois, seuls quatre des condamn\u00e9s \u00e9taient pr\u00e9sents au proc\u00e8s, d\u2019o\u00f9 le tribunal a d\u00e9cid\u00e9 du lancement d\u2019un mandat d\u2019arr\u00eat contre les sept autres qui sont en \u00a0fuite.<\/p>\n<\/div>\n<p>Auteur: APA News<br \/>\n<a href=\"https:\/\/www.journalducameroun.com\/onze-tchadiens-condamnes-a-20-ans-de-prison-pour-mercenariat\/\">Cliquez ici pour lire l&rsquo;article depuis sa source.<\/a><\/p>\n","protected":false},"excerpt":{"rendered":"<p>Publi\u00e9 le 07.06.2019 \u00e0 12h18 par APA News La session criminelle sp\u00e9ciale de la cour d\u2019appel de N\u2019Djamena a condamn\u00e9 \u00e0 20 ans de prison ferme onze Tchadiens, accus\u00e9s du d\u00e9lit de tentative de mercenariat.Selon le procureur g\u00e9n\u00e9ral, dans son r\u00e9quisitoire prononc\u00e9 jeudi soir lors du proc\u00e8s, \u00a0la peine se justifie dans la mesure o\u00f9 [&hellip;]<\/p>\n","protected":false},"author":1965,"featured_media":0,"comment_status":"closed","ping_status":"closed","sticky":false,"template":"","format":"standard","meta":{"fifu_image_url":"","fifu_image_alt":"","footnotes":""},"categories":[73,82],"tags":[],"class_list":["post-39213","post","type-post","status-publish","format-standard","hentry","category-actualite","category-cameroun"],"_links":{"self":[{"href":"https:\/\/linitiative.ca\/International\/wp-json\/wp\/v2\/posts\/39213","targetHints":{"allow":["GET"]}}],"collection":[{"href":"https:\/\/linitiative.ca\/International\/wp-json\/wp\/v2\/posts"}],"about":[{"href":"https:\/\/linitiative.ca\/International\/wp-json\/wp\/v2\/types\/post"}],"author":[{"embeddable":true,"href":"https:\/\/linitiative.ca\/International\/wp-json\/wp\/v2\/users\/1965"}],"replies":[{"embeddable":true,"href":"https:\/\/linitiative.ca\/International\/wp-json\/wp\/v2\/comments?post=39213"}],"version-history":[{"count":0,"href":"https:\/\/linitiative.ca\/International\/wp-json\/wp\/v2\/posts\/39213\/revisions"}],"wp:attachment":[{"href":"https:\/\/linitiative.ca\/International\/wp-json\/wp\/v2\/media?parent=39213"}],"wp:term":[{"taxonomy":"category","embeddable":true,"href":"https:\/\/linitiative.ca\/International\/wp-json\/wp\/v2\/categories?post=39213"},{"taxonomy":"post_tag","embeddable":true,"href":"https:\/\/linitiative.ca\/International\/wp-json\/wp\/v2\/tags?post=39213"}],"curies":[{"name":"wp","href":"https:\/\/api.w.org\/{rel}","templated":true}]}}