{"id":39214,"date":"2019-06-07T05:10:10","date_gmt":"2019-06-07T09:10:10","guid":{"rendered":"https:\/\/linitiative.ca\/International\/le-4eme-festival-international-difrane-du-20-au-27-juillet\/"},"modified":"2019-06-07T05:10:10","modified_gmt":"2019-06-07T09:10:10","slug":"le-4eme-festival-international-difrane-du-20-au-27-juillet","status":"publish","type":"post","link":"https:\/\/linitiative.ca\/International\/le-4eme-festival-international-difrane-du-20-au-27-juillet\/","title":{"rendered":"Le 4\u00e8me Festival international d\u2019Ifrane du 20 au 27 juillet"},"content":{"rendered":"<header>\n<\/header>\n<div class=\"entry-content clearfix\" readability=\"48\"><img decoding=\"async\" class=\"post_layout_5_img\" src=\"http:\/\/aujourdhui.ma\/wp-content\/uploads\/2019\/06\/Ifrane.jpg?x29840\" alt=\"Le 4\u00e8me Festival international d\u2019Ifrane du 20 au 27 juillet\"\/><\/p>\n<p class=\"p1\"><span class=\"s1\"><span class=\"c4\"><strong>La quatri\u00e8me \u00e9dition du Festival international d\u2019Ifrane se tiendra du 20 au 27 juillet prochain sous le th\u00e8me \u00abLes chants des c\u00e8dres\u00bb.<\/strong><\/span><\/span> <span id=\"more-312495\"\/><\/p>\n<p class=\"p1\"><span class=\"s1\">Une initiative de l\u2019Association Forum Ifrane, culture et d\u00e9veloppement (AFICED), cette manifestation culturelle tend \u00e0 promouvoir et valoriser les potentialit\u00e9s \u00e9conomiques, naturelles et touristiques de la province d\u2019Ifrane et \u00e0 mettre en valeur la richesse et la diversit\u00e9 du patrimoine immat\u00e9riel marocain et son ouverture sur les autres cultures du monde.<\/span><\/p>\n<p class=\"p1\"><span class=\"s1\">Ce festival, devenu au fil des \u00e9ditions un rendez-vous pour les m\u00e9lomanes et les f\u00e9rus de la musique occidentale, orientale et marocaine, conna\u00eetra la participation d\u2019un parterre d\u2019artistes marocains et \u00e9trangers.<\/span><\/p>\n<\/div>\n<p>Auteur: ALM<br \/>\n<a href=\"http:\/\/aujourdhui.ma\/culture\/le-4eme-festival-international-difrane-du-20-au-27-juillet\">Cliquez ici pour lire l&rsquo;article depuis sa source.<\/a><\/p>\n","protected":false},"excerpt":{"rendered":"<p>La quatri\u00e8me \u00e9dition du Festival international d\u2019Ifrane se tiendra du 20 au 27 juillet prochain sous le th\u00e8me \u00abLes chants des c\u00e8dres\u00bb. Une initiative de l\u2019Association Forum Ifrane, culture et d\u00e9veloppement (AFICED), cette manifestation culturelle tend \u00e0 promouvoir et valoriser les potentialit\u00e9s \u00e9conomiques, naturelles et touristiques de la province d\u2019Ifrane et \u00e0 mettre en valeur [&hellip;]<\/p>\n","protected":false},"author":1759,"featured_media":0,"comment_status":"closed","ping_status":"closed","sticky":false,"template":"","format":"standard","meta":{"fifu_image_url":"","fifu_image_alt":"","footnotes":""},"categories":[73,54],"tags":[],"class_list":["post-39214","post","type-post","status-publish","format-standard","hentry","category-actualite","category-maroc"],"_links":{"self":[{"href":"https:\/\/linitiative.ca\/International\/wp-json\/wp\/v2\/posts\/39214","targetHints":{"allow":["GET"]}}],"collection":[{"href":"https:\/\/linitiative.ca\/International\/wp-json\/wp\/v2\/posts"}],"about":[{"href":"https:\/\/linitiative.ca\/International\/wp-json\/wp\/v2\/types\/post"}],"author":[{"embeddable":true,"href":"https:\/\/linitiative.ca\/International\/wp-json\/wp\/v2\/users\/1759"}],"replies":[{"embeddable":true,"href":"https:\/\/linitiative.ca\/International\/wp-json\/wp\/v2\/comments?post=39214"}],"version-history":[{"count":0,"href":"https:\/\/linitiative.ca\/International\/wp-json\/wp\/v2\/posts\/39214\/revisions"}],"wp:attachment":[{"href":"https:\/\/linitiative.ca\/International\/wp-json\/wp\/v2\/media?parent=39214"}],"wp:term":[{"taxonomy":"category","embeddable":true,"href":"https:\/\/linitiative.ca\/International\/wp-json\/wp\/v2\/categories?post=39214"},{"taxonomy":"post_tag","embeddable":true,"href":"https:\/\/linitiative.ca\/International\/wp-json\/wp\/v2\/tags?post=39214"}],"curies":[{"name":"wp","href":"https:\/\/api.w.org\/{rel}","templated":true}]}}