{"id":39216,"date":"2019-06-07T06:20:00","date_gmt":"2019-06-07T10:20:00","guid":{"rendered":"https:\/\/linitiative.ca\/International\/la-loi-sur-lofficialisation-de-lamazigh-enfin-votee\/"},"modified":"2019-06-07T06:20:00","modified_gmt":"2019-06-07T10:20:00","slug":"la-loi-sur-lofficialisation-de-lamazigh-enfin-votee","status":"publish","type":"post","link":"https:\/\/linitiative.ca\/International\/la-loi-sur-lofficialisation-de-lamazigh-enfin-votee\/","title":{"rendered":"La loi sur l\u2019officialisation de l\u2019amazigh enfin vot\u00e9e"},"content":{"rendered":"<p class=\"rtejustify\">Le projet de loi organique sur le caract\u00e8re officiel de la langue amazigh devait finalement \u00eatre vot\u00e9 en commission, hier apr\u00e8s la s\u00e9ance des questions orales. Le vote relatif \u00e0 ce texte, qui tra\u00eene depuis des ann\u00e9es, a \u00e9t\u00e9 programm\u00e9 \u00e0 la Commission de l\u2019enseignement et de la culture de la Chambre des repr\u00e9sentants. La m\u00eame s\u00e9ance devait \u00e9galement conna\u00eetre l\u2019approbation d\u2019un autre texte, \u00e9galement strat\u00e9gique. Il s\u2019agit de la loi organique sur le Conseil des langues et de la culture marocaine.<\/p>\n<p class=\"rtejustify\"><em>M.A.M.<\/em><\/p>\n<p>Auteur: hlafriqi<br \/>\n<a href=\"https:\/\/www.leconomiste.com\/article\/1046003-la-loi-sur-l-officialisation-de-l-amazigh-enfin-votee\">Cliquez ici pour lire l&rsquo;article depuis sa source.<\/a><\/p>\n","protected":false},"excerpt":{"rendered":"<p>Le projet de loi organique sur le caract\u00e8re officiel de la langue amazigh devait finalement \u00eatre vot\u00e9 en commission, hier apr\u00e8s la s\u00e9ance des questions orales. Le vote relatif \u00e0 ce texte, qui tra\u00eene depuis des ann\u00e9es, a \u00e9t\u00e9 programm\u00e9 \u00e0 la Commission de l\u2019enseignement et de la culture de la Chambre des repr\u00e9sentants. La [&hellip;]<\/p>\n","protected":false},"author":1763,"featured_media":0,"comment_status":"closed","ping_status":"closed","sticky":false,"template":"","format":"standard","meta":{"fifu_image_url":"","fifu_image_alt":"","footnotes":""},"categories":[78,54],"tags":[],"class_list":["post-39216","post","type-post","status-publish","format-standard","hentry","category-economie","category-maroc"],"_links":{"self":[{"href":"https:\/\/linitiative.ca\/International\/wp-json\/wp\/v2\/posts\/39216","targetHints":{"allow":["GET"]}}],"collection":[{"href":"https:\/\/linitiative.ca\/International\/wp-json\/wp\/v2\/posts"}],"about":[{"href":"https:\/\/linitiative.ca\/International\/wp-json\/wp\/v2\/types\/post"}],"author":[{"embeddable":true,"href":"https:\/\/linitiative.ca\/International\/wp-json\/wp\/v2\/users\/1763"}],"replies":[{"embeddable":true,"href":"https:\/\/linitiative.ca\/International\/wp-json\/wp\/v2\/comments?post=39216"}],"version-history":[{"count":0,"href":"https:\/\/linitiative.ca\/International\/wp-json\/wp\/v2\/posts\/39216\/revisions"}],"wp:attachment":[{"href":"https:\/\/linitiative.ca\/International\/wp-json\/wp\/v2\/media?parent=39216"}],"wp:term":[{"taxonomy":"category","embeddable":true,"href":"https:\/\/linitiative.ca\/International\/wp-json\/wp\/v2\/categories?post=39216"},{"taxonomy":"post_tag","embeddable":true,"href":"https:\/\/linitiative.ca\/International\/wp-json\/wp\/v2\/tags?post=39216"}],"curies":[{"name":"wp","href":"https:\/\/api.w.org\/{rel}","templated":true}]}}