{"id":39232,"date":"2019-06-07T06:45:00","date_gmt":"2019-06-07T10:45:00","guid":{"rendered":"https:\/\/linitiative.ca\/International\/un-plaidoyer-pour-lentreprise-citoyenne-a-essaouira\/"},"modified":"2019-06-07T06:45:00","modified_gmt":"2019-06-07T10:45:00","slug":"un-plaidoyer-pour-lentreprise-citoyenne-a-essaouira","status":"publish","type":"post","link":"https:\/\/linitiative.ca\/International\/un-plaidoyer-pour-lentreprise-citoyenne-a-essaouira\/","title":{"rendered":"Un plaidoyer pour l\u2019entreprise citoyenne \u00e0 Essaouira"},"content":{"rendered":"<div readability=\"37\">\n<p>Economy for Humanity, le manifeste propos\u00e9 pour mener r\u00e9flexions et actions<\/p>\n<p>Il sera pr\u00e9sent\u00e9 lors de la 2e \u00e9dition des Etats g\u00e9n\u00e9raux du 28 au 30 juin<\/p>\n<p>250 leaders issus de diff\u00e9rents horizons y participent<\/p>\n<\/div>\n<div readability=\"95\">\n<div class=\"dnd-atom-wrapper type-image context-sdl_editor_representation\" contenteditable=\"false\" readability=\"31.5\">\n<div class=\"dnd-drop-wrapper image\"><img loading=\"lazy\" decoding=\"async\" typeof=\"foaf:Image\" class=\"img-responsive\" src=\"https:\/\/www.leconomiste.com\/sites\/default\/files\/eco7\/public\/thumbnails\/image\/essaouira-030.jpg\" width=\"660\" height=\"330\" alt=\"essaouira-030.jpg\" title=\"essaouira-030.jpg\"\/><\/div>\n<div class=\"dnd-legend-wrapper\" contenteditable=\"true\" readability=\"8\">\n<p class=\"rtejustify\">La ville portuaire repr\u00e9sente un point de rendez-vous id\u00e9al pour poursuivre la r\u00e9flexion collective concernant l\u2019entrepreneuriat citoyen <em>(Ph. L\u2019Economiste)<\/em><\/p>\n<\/div>\n<\/div>\n<p class=\"rtejustify\">Essaouira sera de nouveau au centre des regards du 28 au 30 juin prochain et accueille les \u00c9tats g\u00e9n\u00e9raux des entreprises citoyennes. De par son histoire, la ville portuaire repr\u00e9sente un point de rendez-vous id\u00e9al pour poursuivre la r\u00e9flexion collective concernant l\u2019entrepreneuriat citoyen. Initi\u00e9e et organis\u00e9e par le think tank Thinkers &#038; Doers, la rencontre r\u00e9unira\u00a0 250 leaders issus de diff\u00e9rents horizons pour r\u00e9fl\u00e9chir aux moyens qui permettront d\u2019acc\u00e9l\u00e9rer l\u2019action de ces entrepreneurs.<\/p>\n<p class=\"rtejustify\">Mais aussi des penseurs et acteurs qui exploreront les leviers permettant d\u2019allier la croissance \u00e9conomique aux enjeux climatiques, d\u2019\u00e9galit\u00e9 et de paix sociale. La 1re \u00e9dition de 2018 a permis de donner une d\u00e9finition de l\u2019entreprise citoyenne et de faire un \u00e9tat des lieux du mouvement international men\u00e9 par ces entreprises d\u2019un nouveau genre.<\/p>\n<p class=\"rtejustify\">La D\u00e9claration d\u2019Essaouira, qui a cl\u00f4tur\u00e9 cette \u00e9dition, a mis en lumi\u00e8re l\u2019importance de renouveler le dialogue et la coop\u00e9ration entre les entreprises, la soci\u00e9t\u00e9 civile et les institutions publiques. L\u2019objectif de l\u2019\u00e9dition 2019 est de structurer, renforcer ce mouvement et l\u2019inscrire dans la dur\u00e9e.<\/p>\n<p class=\"rtejustify\">Economy for Humanity est le manifeste propos\u00e9 pour mener les r\u00e9flexions et l\u2019action collective pour r\u00e9pondre \u00e0 certains enjeux prioritaires de notre \u00e9poque: finance et impact, pr\u00e9servation de la biodiversit\u00e9 et s\u00e9curit\u00e9 alimentaire, promotion de la diversit\u00e9, r\u00e9duction des in\u00e9galit\u00e9s par l\u2019\u00e9ducation, d\u00e9veloppement des territoires, ou encore le r\u00f4le de la technologie pour renforcer le lien social.<\/p>\n<p class=\"rtejustify\">\u00abL\u2019enjeu aujourd\u2019hui, pour tous ces acteurs engag\u00e9s dans un nouvel ordre \u00e9conomique, plus \u00e9thique, plus social, c\u2019est bien de r\u00e9ussir le passage \u00e0 l\u2019\u00e9chelle sup\u00e9rieure\u00bb, esp\u00e8re Amandine Lepoutre, pr\u00e9sidente de Thinkers &#038; Doers, aux commandes de l\u2019organisation des \u00c9tats g\u00e9n\u00e9raux \u00e0 Essaouira.<\/p>\n<p class=\"rtejustify\">Il s\u2019agit, en d\u2019autres termes, d\u2019\u00e9laborer des propositions d\u2019actions concr\u00e8tes\u00a0 et faire \u00e9merger aupr\u00e8s des entreprises et des gouvernements des solutions qu\u2019ils pourront int\u00e9grer pour r\u00e9pondre aux enjeux de demain. Durant trois jours, le travail de cette 2e \u00e9dition des \u00c9tats g\u00e9n\u00e9raux d\u2019Essaouira s\u2019organisera sous forme de conf\u00e9rences et d\u2019ateliers, afin d\u2019aboutir \u00e0 un plaidoyer et un rapport de r\u00e9solutions partag\u00e9s sur la plateforme citoyenne de l\u2019ONU.<\/p>\n<p class=\"rtejustify\">Des initiatives concr\u00e8tes prendront forme, comme l\u2019ouverture d\u2019un Refugee Food Festival, le lancement d\u2019un cercle de r\u00e9flexion Equality for Growth Circle, d\u2019un acc\u00e9l\u00e9rateur d\u00e9di\u00e9 aux entrepreneurs sociaux, ainsi que les prises d\u2019engagement de certains fonds et entreprises pour la prosp\u00e9rit\u00e9.<\/p>\n<p class=\"rtejustify\"><em>De notre correspondante permanente, Badra BERRISSOULE<\/em><\/p>\n<\/div>\n<p>Auteur: hlafriqi<br \/>\n<a href=\"https:\/\/www.leconomiste.com\/article\/1045983-un-plaidoyer-pour-l-entreprise-citoyenne-essaouira\">Cliquez ici pour lire l&rsquo;article depuis sa source.<\/a><\/p>\n","protected":false},"excerpt":{"rendered":"<p>Economy for Humanity, le manifeste propos\u00e9 pour mener r\u00e9flexions et actions Il sera pr\u00e9sent\u00e9 lors de la 2e \u00e9dition des Etats g\u00e9n\u00e9raux du 28 au 30 juin 250 leaders issus de diff\u00e9rents horizons y participent La ville portuaire repr\u00e9sente un point de rendez-vous id\u00e9al pour poursuivre la r\u00e9flexion collective concernant l\u2019entrepreneuriat citoyen (Ph. L\u2019Economiste) Essaouira [&hellip;]<\/p>\n","protected":false},"author":1763,"featured_media":39236,"comment_status":"closed","ping_status":"closed","sticky":false,"template":"","format":"standard","meta":{"fifu_image_url":"","fifu_image_alt":"","footnotes":""},"categories":[78,54],"tags":[],"class_list":["post-39232","post","type-post","status-publish","format-standard","has-post-thumbnail","hentry","category-economie","category-maroc"],"_links":{"self":[{"href":"https:\/\/linitiative.ca\/International\/wp-json\/wp\/v2\/posts\/39232","targetHints":{"allow":["GET"]}}],"collection":[{"href":"https:\/\/linitiative.ca\/International\/wp-json\/wp\/v2\/posts"}],"about":[{"href":"https:\/\/linitiative.ca\/International\/wp-json\/wp\/v2\/types\/post"}],"author":[{"embeddable":true,"href":"https:\/\/linitiative.ca\/International\/wp-json\/wp\/v2\/users\/1763"}],"replies":[{"embeddable":true,"href":"https:\/\/linitiative.ca\/International\/wp-json\/wp\/v2\/comments?post=39232"}],"version-history":[{"count":0,"href":"https:\/\/linitiative.ca\/International\/wp-json\/wp\/v2\/posts\/39232\/revisions"}],"wp:featuredmedia":[{"embeddable":true,"href":"https:\/\/linitiative.ca\/International\/wp-json\/"}],"wp:attachment":[{"href":"https:\/\/linitiative.ca\/International\/wp-json\/wp\/v2\/media?parent=39232"}],"wp:term":[{"taxonomy":"category","embeddable":true,"href":"https:\/\/linitiative.ca\/International\/wp-json\/wp\/v2\/categories?post=39232"},{"taxonomy":"post_tag","embeddable":true,"href":"https:\/\/linitiative.ca\/International\/wp-json\/wp\/v2\/tags?post=39232"}],"curies":[{"name":"wp","href":"https:\/\/api.w.org\/{rel}","templated":true}]}}