{"id":39233,"date":"2019-06-07T01:29:51","date_gmt":"2019-06-07T05:29:51","guid":{"rendered":"https:\/\/linitiative.ca\/International\/bepc-2019-dans-les-hauts-bassins-40-968-candidats-composent\/"},"modified":"2019-06-07T01:29:51","modified_gmt":"2019-06-07T05:29:51","slug":"bepc-2019-dans-les-hauts-bassins-40-968-candidats-composent","status":"publish","type":"post","link":"https:\/\/linitiative.ca\/International\/bepc-2019-dans-les-hauts-bassins-40-968-candidats-composent\/","title":{"rendered":"BEPC 2019 dans les Hauts-Bassins : 40 968 candidats composent"},"content":{"rendered":"<div class=\"td-post-featured-image\" readability=\"35\"><a href=\"https:\/\/i2.wp.com\/www.sidwaya.info\/wp-content\/uploads\/2019\/06\/bepc1.jpg?fit=787%2C643&#038;ssl=1\" data-caption=\"Le gouverneur de la r\u00e9gion des Hauts-Bassins, Antoine Atiou, souhaite bonne a dit compter sur les candidats pour un bon r\u00e9sultat.\"><img loading=\"lazy\" decoding=\"async\" width=\"696\" height=\"569\" class=\"entry-thumb td-modal-image\" src=\"https:\/\/i2.wp.com\/www.sidwaya.info\/wp-content\/uploads\/2019\/06\/bepc1.jpg?resize=696%2C569&#038;ssl=1\" srcset=\"https:\/\/i2.wp.com\/www.sidwaya.info\/wp-content\/uploads\/2019\/06\/bepc1.jpg?w=787&#038;ssl=1 787w, https:\/\/i2.wp.com\/www.sidwaya.info\/wp-content\/uploads\/2019\/06\/bepc1.jpg?resize=300%2C245&#038;ssl=1 300w, https:\/\/i2.wp.com\/www.sidwaya.info\/wp-content\/uploads\/2019\/06\/bepc1.jpg?resize=768%2C627&#038;ssl=1 768w, https:\/\/i2.wp.com\/www.sidwaya.info\/wp-content\/uploads\/2019\/06\/bepc1.jpg?resize=696%2C569&#038;ssl=1 696w, https:\/\/i2.wp.com\/www.sidwaya.info\/wp-content\/uploads\/2019\/06\/bepc1.jpg?resize=514%2C420&#038;ssl=1 514w\" sizes=\"auto, (max-width: 696px) 100vw, 696px\" alt=\"\" title=\"bepc1\"\/><\/a>Le gouverneur de la r\u00e9gion des Hauts-Bassins, Antoine Atiou, souhaite bonne a dit compter sur les candidats pour un bon r\u00e9sultat.<\/div>\n<div class=\"td-a-rec td-a-rec-id-content_top td_uid_30_5cfa51d2e89e9_rand td_block_template_1\"><img loading=\"lazy\" decoding=\"async\" class=\"aligncenter size-full wp-image-4463\" src=\"https:\/\/www.sidwaya.info\/wp-content\/uploads\/2019\/02\/FESPACO-TOUR-2019-Bannie%CC%80re-728x90-1.jpg\" alt=\"\" width=\"728\" height=\"90\"\/><\/div>\n<p><strong>Le lancement des \u00e9preuves du Brevet d\u2019\u00e9tudes du premier cycle (BEPC) dans la r\u00e9gion des Hauts-Bassins a \u00e9t\u00e9 donn\u00e9, le jeudi 6 juin 2019, au lyc\u00e9e Mollo Sanou \u00e0 Bobo-Dioulasso, par le gouverneur Antoine Atiou. Dans la r\u00e9gion, 40 968 candidats sont \u00e0 la conqu\u00eate de ce dipl\u00f4me.<\/strong><\/p>\n<p>C\u2019est parti pour la composition du Brevet d\u2019\u00e9tudes du premier cycle (BEPC) au Burkina Faso. Il \u00e9tait 7h20 minutes, lorsque le gouverneur de la r\u00e9gion des Hauts-Bassins, Antoine Atiou, accompagn\u00e9 des premiers responsables de l\u2019\u00e9ducation et des autorit\u00e9s communales, a proc\u00e9d\u00e9 au lancement des \u00e9preuves \u00e9crites, ce jeudi 6 juin 2019, au lyc\u00e9e Mollo-Sanou.<\/p>\n<p>La premi\u00e8re enveloppe ouverte par le gouverneur contenait l\u2019\u00e9preuve de la dict\u00e9e dont le titre est\u00a0\u00abLa plaine commune\u00bb, extrait de l\u2019\u0153uvre \u00abKalahaldi, la porte de charognard\u00bb de Baba Hama. Sentant les candidats soucieux et calmes en attendant la premi\u00e8re \u00e9preuve, le gouverneur a tenu \u00e0 les encourager tout en leur souhaitant bonne chance.<\/p>\n<p><img loading=\"lazy\" decoding=\"async\" class=\"size-medium wp-image-8942\" src=\"https:\/\/i0.wp.com\/www.sidwaya.info\/wp-content\/uploads\/2019\/06\/bepc2.jpg?resize=300%2C200&#038;ssl=1\" alt=\"\" width=\"300\" height=\"200\" srcset=\"https:\/\/i0.wp.com\/www.sidwaya.info\/wp-content\/uploads\/2019\/06\/bepc2.jpg?resize=300%2C200&#038;ssl=1 300w, https:\/\/i0.wp.com\/www.sidwaya.info\/wp-content\/uploads\/2019\/06\/bepc2.jpg?resize=768%2C512&#038;ssl=1 768w, https:\/\/i0.wp.com\/www.sidwaya.info\/wp-content\/uploads\/2019\/06\/bepc2.jpg?resize=696%2C464&#038;ssl=1 696w, https:\/\/i0.wp.com\/www.sidwaya.info\/wp-content\/uploads\/2019\/06\/bepc2.jpg?resize=630%2C420&#038;ssl=1 630w, https:\/\/i0.wp.com\/www.sidwaya.info\/wp-content\/uploads\/2019\/06\/bepc2.jpg?w=787&#038;ssl=1 787w\" sizes=\"auto, (max-width: 300px) 100vw, 300px\" data-recalc-dims=\"1\"\/>Des candidats stress\u00e9s se demandant comment seront les sujets.<\/p>\n<p>Il leur a aussi demand\u00e9 de se mettre au s\u00e9rieux et d\u2019\u00e9viter la tricherie. \u00abNous sommes venus pour encourager et souhaiter plein succ\u00e8s aux candidats. Je pense que l\u2019examen va bien se passer, les dispositions s\u00e9curitaires ont \u00e9t\u00e9 prises et au niveau technique, le directeur r\u00e9gional a pris \u00e9galement des dispositions pour le bon d\u00e9roulement des \u00e9preuves.\u00bb, a soulign\u00e9 le gouverneur.<\/p>\n<p>Les candidats eux, ont promis de faire un bon r\u00e9sultat.\u00a0\u00abJe suis un peu stress\u00e9, mais nous allons donner le maximum pour relever le d\u00e9fi et d\u00e9crocher le BEPC. Je vais faire plaisir \u00e0 la famille\u00bb, a laiss\u00e9 entendre Guy Gervais Guissou, candidat au BEPC.<\/p>\n<p>Pour cette session 2018-2019, la r\u00e9gion des Hauts-Bassins compte 40 968 candidats au BEPC r\u00e9partis dans 96 centres secondaires avec 90 jurys pour le BEPC. Et le Houet totalise \u00e0 lui seul 75% des candidats de la r\u00e9gion et la ville de Bobo-Dioulasso quant \u00e0 elle, compte 55% des candidats.<\/p>\n<p>\u00abIl n\u2019y a pas une particularit\u00e9 au BEPC dans la r\u00e9gion des Hauts-Bassins, mais c\u2019est au plan national que nous pouvons dire que nous organisons cet examen dans un contexte de d\u00e9fi s\u00e9curitaire\u00bb, a d\u00e9plor\u00e9 le directeur r\u00e9gional des enseignements postprimaire et secondaire des Hauts-Bassins, Henri Prosp\u00e8re Par\u00e9. La suite de la composition du premier jour va concerner le fran\u00e7ais, les sciences de la vie et de la terre et l\u2019anglais mettra fin \u00e0 la composition du jour.<\/p>\n<p><strong>Moussa Traor\u00e9 SON<\/strong><br \/><strong>Ibrahim NIONE<\/strong><br \/>(Stagiaires)<\/p>\n<div class=\"td-a-rec td-a-rec-id-content_bottom td_uid_31_5cfa51d2e8bc5_rand td_block_template_1\"><img loading=\"lazy\" decoding=\"async\" class=\"alignright size-full wp-image-1724\" src=\"https:\/\/www.sidwaya.info\/wp-content\/uploads\/2018\/12\/sidwaya-pub.jpg\" alt=\"\" width=\"720\" height=\"90\"\/><\/div>\n<p>Auteur: JK. Sidwaya<br \/>\n<a href=\"https:\/\/www.sidwaya.info\/blog\/2019\/06\/07\/bepc-2019-dans-les-hauts-bassins-40-968-candidats-composent\/\">Cliquez ici pour lire l&rsquo;article depuis sa source.<\/a><\/p>\n","protected":false},"excerpt":{"rendered":"<p>Le gouverneur de la r\u00e9gion des Hauts-Bassins, Antoine Atiou, souhaite bonne a dit compter sur les candidats pour un bon r\u00e9sultat. Le lancement des \u00e9preuves du Brevet d\u2019\u00e9tudes du premier cycle (BEPC) dans la r\u00e9gion des Hauts-Bassins a \u00e9t\u00e9 donn\u00e9, le jeudi 6 juin 2019, au lyc\u00e9e Mollo Sanou \u00e0 Bobo-Dioulasso, par le gouverneur Antoine [&hellip;]<\/p>\n","protected":false},"author":1816,"featured_media":0,"comment_status":"closed","ping_status":"closed","sticky":false,"template":"","format":"standard","meta":{"fifu_image_url":"","fifu_image_alt":"","footnotes":""},"categories":[73,81],"tags":[],"class_list":["post-39233","post","type-post","status-publish","format-standard","hentry","category-actualite","category-burkina-faso"],"_links":{"self":[{"href":"https:\/\/linitiative.ca\/International\/wp-json\/wp\/v2\/posts\/39233","targetHints":{"allow":["GET"]}}],"collection":[{"href":"https:\/\/linitiative.ca\/International\/wp-json\/wp\/v2\/posts"}],"about":[{"href":"https:\/\/linitiative.ca\/International\/wp-json\/wp\/v2\/types\/post"}],"author":[{"embeddable":true,"href":"https:\/\/linitiative.ca\/International\/wp-json\/wp\/v2\/users\/1816"}],"replies":[{"embeddable":true,"href":"https:\/\/linitiative.ca\/International\/wp-json\/wp\/v2\/comments?post=39233"}],"version-history":[{"count":0,"href":"https:\/\/linitiative.ca\/International\/wp-json\/wp\/v2\/posts\/39233\/revisions"}],"wp:attachment":[{"href":"https:\/\/linitiative.ca\/International\/wp-json\/wp\/v2\/media?parent=39233"}],"wp:term":[{"taxonomy":"category","embeddable":true,"href":"https:\/\/linitiative.ca\/International\/wp-json\/wp\/v2\/categories?post=39233"},{"taxonomy":"post_tag","embeddable":true,"href":"https:\/\/linitiative.ca\/International\/wp-json\/wp\/v2\/tags?post=39233"}],"curies":[{"name":"wp","href":"https:\/\/api.w.org\/{rel}","templated":true}]}}