{"id":39240,"date":"2019-06-07T07:00:00","date_gmt":"2019-06-07T11:00:00","guid":{"rendered":"https:\/\/linitiative.ca\/International\/algesiras-les-autocars-dans-le-viseur-des-douaniers-espagnols\/"},"modified":"2019-06-07T07:00:00","modified_gmt":"2019-06-07T11:00:00","slug":"algesiras-les-autocars-dans-le-viseur-des-douaniers-espagnols","status":"publish","type":"post","link":"https:\/\/linitiative.ca\/International\/algesiras-les-autocars-dans-le-viseur-des-douaniers-espagnols\/","title":{"rendered":"Alg\u00e9siras: Les autocars dans le viseur des douaniers espagnols"},"content":{"rendered":"<div readability=\"35\">\n<p>Les fonctionnaires obligent les passagers \u00e0 prendre leur bagage en main<\/p>\n<p>Une corv\u00e9e, surtout pour les plus \u00e2g\u00e9s et un manque \u00e0 gagner pour les autocaristes<\/p>\n<\/div>\n<div readability=\"95\">\n<div class=\"dnd-atom-wrapper type-image context-sdl_editor_representation\" contenteditable=\"false\" readability=\"32\">\n<div class=\"dnd-drop-wrapper image\"><img loading=\"lazy\" decoding=\"async\" typeof=\"foaf:Image\" class=\"img-responsive\" src=\"https:\/\/www.leconomiste.com\/sites\/default\/files\/eco7\/public\/thumbnails\/image\/algesiras-030.jpg\" width=\"660\" height=\"330\" alt=\"algesiras-030.jpg\" title=\"algesiras-030.jpg\"\/><\/div>\n<div class=\"dnd-legend-wrapper\" contenteditable=\"true\" readability=\"9\">\n<p class=\"rtejustify\">La gal\u00e8re des voyageurs par autocar \u00e0 destination du Maroc continue avec de nouvelles consignes, prendre ses bagages avec soi lors du contr\u00f4le <em>(Ph. Adam)<\/em><\/p>\n<\/div>\n<\/div>\n<p class=\"rtejustify\">Les couacs continuent c\u00f4t\u00e9 espagnol concernant le transport de passagers sur le d\u00e9troit. Cette fois, ce sont les MRE transitant par autocar qui sont vis\u00e9s. Auparavant, les douaniers espagnols \u00e9taient plus flexibles et le contr\u00f4le des bagages se faisait \u00e0 l\u2019int\u00e9rieur des autocars, sans que les passagers ne soient oblig\u00e9s de les sortir et de les monter sur le bateau \u00e0 pied.<\/p>\n<p class=\"rtejustify\">Depuis quelques semaines, par contre, les fonctionnaires espagnols obligent d\u00e9sormais les voyageurs \u00e0 les d\u00e9charger \u00e0 leur arriv\u00e9e au port et \u00e0 les conserver avec eux tout au long de leur voyage par bateau. Cette mani\u00e8re de faire rend plus difficile le voyage, surtout pour les passagers \u00e2g\u00e9s ou ceux amenant plusieurs bagages, comme c\u2019est le cas souvent chez les Marocains du monde.<\/p>\n<p class=\"rtejustify\">Pire encore, selon les t\u00e9moignages de plusieurs MRE ayant fait cette am\u00e8re exp\u00e9rience, le port d\u2019Alg\u00e9siras n\u2019est pas bien \u00e9quip\u00e9 pour la besogne avec un nombre limit\u00e9 de chariots et qui plus est, il est interdit de les monter dans le bateau, ce qui limite leur utilit\u00e9.<\/p>\n<p class=\"rtejustify\">La responsabilit\u00e9 de vider les autocars des bagages incombe totalement \u00e0 leurs chauffeurs. En cas de non-respect de cette consigne, les amendes sont lourdes et s\u2019\u00e9chelonnent entre 1.000 et 3.000 euros (entre 11.000 et 33.000 DH), selon le conducteur d\u2019un de ces v\u00e9hicules.<\/p>\n<p class=\"rtejustify\">Une autre cons\u00e9quence est la r\u00e9duction des bagages, ce qui a eu pour effet, selon certains autocaristes, l\u2019augmentation du prix des billets. Pour la plupart des compagnies de transport par autocar, les bagages sont la principale source de b\u00e9n\u00e9fice, ce qui leur permettait d\u2019afficher des prix tr\u00e8s bas, d\u2019environ 45 euros pour un Barcelone-Tanger.<\/p>\n<p class=\"rtejustify\">Actuellement, le m\u00eame billet a grimp\u00e9 \u00e0 environ 80 euros. Un nouveau coup pour les transporteurs par autocar, qui sont encore en train de dig\u00e9rer le coup de l\u2019interdiction des remorques. Ces derni\u00e8res permettaient de transporter encore plus de bagages, mais la r\u00e9glementation europ\u00e9enne les avait interdites, r\u00e9duisant d\u2019autant les marges des transporteurs.<\/p>\n<p class=\"rtejustify\">Rien ne permet de savoir avec pr\u00e9cision quel sera l\u2019effet de cette nouvelle pratique sur le voyage par autocar des MRE, m\u00eame si, selon plusieurs sources, certains d\u2019entre eux ont d\u00e9j\u00e0 commenc\u00e9 \u00e0 prendre les mesures n\u00e9cessaires et \u00e0 limiter leur bagage.<\/p>\n<p class=\"rtejustify\">A rappeler que d\u00e9j\u00e0 l\u2019ann\u00e9e derni\u00e8re, les autorit\u00e9s espagnoles d\u2019Alg\u00e9siras avaient p\u00e9ch\u00e9 par exc\u00e8s de z\u00e8le en ne renfor\u00e7ant pas le dispositif et en maintenant au minimum\u00a0 le nombre de pr\u00e9pos\u00e9s dans les guichets de contr\u00f4le des passeports lors de la derni\u00e8re semaine d\u2019ao\u00fbt.<\/p>\n<p class=\"rtejustify\"><em>De notre correspondant permanent Ali ABJIOU<\/em><\/p>\n<\/div>\n<p>Auteur: hlafriqi<br \/>\n<a href=\"https:\/\/www.leconomiste.com\/article\/1045984-algesiras-les-autocars-dans-le-viseur-des-douaniers-espagnols\">Cliquez ici pour lire l&rsquo;article depuis sa source.<\/a><\/p>\n","protected":false},"excerpt":{"rendered":"<p>Les fonctionnaires obligent les passagers \u00e0 prendre leur bagage en main Une corv\u00e9e, surtout pour les plus \u00e2g\u00e9s et un manque \u00e0 gagner pour les autocaristes La gal\u00e8re des voyageurs par autocar \u00e0 destination du Maroc continue avec de nouvelles consignes, prendre ses bagages avec soi lors du contr\u00f4le (Ph. Adam) Les couacs continuent c\u00f4t\u00e9 [&hellip;]<\/p>\n","protected":false},"author":1763,"featured_media":39242,"comment_status":"closed","ping_status":"closed","sticky":false,"template":"","format":"standard","meta":{"fifu_image_url":"","fifu_image_alt":"","footnotes":""},"categories":[78,54],"tags":[],"class_list":["post-39240","post","type-post","status-publish","format-standard","has-post-thumbnail","hentry","category-economie","category-maroc"],"_links":{"self":[{"href":"https:\/\/linitiative.ca\/International\/wp-json\/wp\/v2\/posts\/39240","targetHints":{"allow":["GET"]}}],"collection":[{"href":"https:\/\/linitiative.ca\/International\/wp-json\/wp\/v2\/posts"}],"about":[{"href":"https:\/\/linitiative.ca\/International\/wp-json\/wp\/v2\/types\/post"}],"author":[{"embeddable":true,"href":"https:\/\/linitiative.ca\/International\/wp-json\/wp\/v2\/users\/1763"}],"replies":[{"embeddable":true,"href":"https:\/\/linitiative.ca\/International\/wp-json\/wp\/v2\/comments?post=39240"}],"version-history":[{"count":0,"href":"https:\/\/linitiative.ca\/International\/wp-json\/wp\/v2\/posts\/39240\/revisions"}],"wp:featuredmedia":[{"embeddable":true,"href":"https:\/\/linitiative.ca\/International\/wp-json\/"}],"wp:attachment":[{"href":"https:\/\/linitiative.ca\/International\/wp-json\/wp\/v2\/media?parent=39240"}],"wp:term":[{"taxonomy":"category","embeddable":true,"href":"https:\/\/linitiative.ca\/International\/wp-json\/wp\/v2\/categories?post=39240"},{"taxonomy":"post_tag","embeddable":true,"href":"https:\/\/linitiative.ca\/International\/wp-json\/wp\/v2\/tags?post=39240"}],"curies":[{"name":"wp","href":"https:\/\/api.w.org\/{rel}","templated":true}]}}