{"id":39244,"date":"2019-06-07T01:36:18","date_gmt":"2019-06-07T05:36:18","guid":{"rendered":"https:\/\/linitiative.ca\/International\/lutte-contre-le-terrorisme-la-plume-pour-vaincre-lennemi\/"},"modified":"2019-06-07T01:36:18","modified_gmt":"2019-06-07T05:36:18","slug":"lutte-contre-le-terrorisme-la-plume-pour-vaincre-lennemi","status":"publish","type":"post","link":"https:\/\/linitiative.ca\/International\/lutte-contre-le-terrorisme-la-plume-pour-vaincre-lennemi\/","title":{"rendered":"Lutte contre le terrorisme: La \u2018\u2019plume\u2019\u2019 pour vaincre l\u2019ennemi"},"content":{"rendered":"<div class=\"td-post-featured-image\" readability=\"34\"><a href=\"https:\/\/i2.wp.com\/www.sidwaya.info\/wp-content\/uploads\/2019\/06\/geppao.jpg?fit=787%2C525&#038;ssl=1\" data-caption=\" Les conf\u00e9renciers ont soulign\u00e9 qu\u2019au sortir de ce forum, il y aura de nouvelles id\u00e9es pour bien orienter le travail d\u2019information des journalistes.\"><img loading=\"lazy\" decoding=\"async\" width=\"696\" height=\"464\" class=\"entry-thumb td-modal-image\" src=\"https:\/\/i2.wp.com\/www.sidwaya.info\/wp-content\/uploads\/2019\/06\/geppao.jpg?resize=696%2C464&#038;ssl=1\" srcset=\"https:\/\/i2.wp.com\/www.sidwaya.info\/wp-content\/uploads\/2019\/06\/geppao.jpg?w=787&#038;ssl=1 787w, https:\/\/i2.wp.com\/www.sidwaya.info\/wp-content\/uploads\/2019\/06\/geppao.jpg?resize=300%2C200&#038;ssl=1 300w, https:\/\/i2.wp.com\/www.sidwaya.info\/wp-content\/uploads\/2019\/06\/geppao.jpg?resize=768%2C512&#038;ssl=1 768w, https:\/\/i2.wp.com\/www.sidwaya.info\/wp-content\/uploads\/2019\/06\/geppao.jpg?resize=696%2C464&#038;ssl=1 696w, https:\/\/i2.wp.com\/www.sidwaya.info\/wp-content\/uploads\/2019\/06\/geppao.jpg?resize=630%2C420&#038;ssl=1 630w\" sizes=\"auto, (max-width: 696px) 100vw, 696px\" alt=\"\" title=\"geppao\"\/><\/a> Les conf\u00e9renciers ont soulign\u00e9 qu\u2019au sortir de ce forum, il y aura de nouvelles id\u00e9es pour bien orienter le travail d\u2019information des journalistes.<\/div>\n<div class=\"td-a-rec td-a-rec-id-content_top td_uid_30_5cfa51d6c6b76_rand td_block_template_1\"><img loading=\"lazy\" decoding=\"async\" class=\"aligncenter size-full wp-image-4463\" src=\"https:\/\/www.sidwaya.info\/wp-content\/uploads\/2019\/02\/FESPACO-TOUR-2019-Bannie%CC%80re-728x90-1.jpg\" alt=\"\" width=\"728\" height=\"90\"\/><\/div>\n<p><strong>Le Groupement des \u00e9diteurs de la presse publique de l\u2019Afrique de l\u2019Ouest (GEPPAO), a anim\u00e9 une conf\u00e9rence de presse, le jeudi 6 juin 2019 \u00e0 Ouagadougou. Il a d\u00e9voil\u00e9 aux journalistes, les activit\u00e9s qui seront men\u00e9es lors du forum des m\u00e9dias sur la s\u00e9curit\u00e9 et la lutte contre le terrorisme dans la zone UEMOA\u00a0et le G5 Sahel, pr\u00e9vu les 20 et 21 juin 2019 dans la capitale burkinab\u00e8.<\/strong><\/p>\n<p>En pr\u00e9lude au forum des m\u00e9dias sur la s\u00e9curit\u00e9 et la lutte contre le terrorisme dans l\u2019espace UEMOA\u00a0et le G5 Sahel, initi\u00e9 par le Groupement des \u00e9diteurs de la presse publique de l\u2019Afrique de l\u2019Ouest (GEPPAO), qui se tiendra, les 20 et 21 juin prochain \u00e0 Ouagadougou, les journalistes ont \u00e9t\u00e9 convi\u00e9s \u00e0 une conf\u00e9rence de presse le 6 juin 2019. Ils se sont impr\u00e9gn\u00e9s du th\u00e8me\u00a0: \u00abLe r\u00f4le des m\u00e9dias de l\u2019UEMOA dans la lutte contre le terrorisme\u00a0: entre contraintes s\u00e9curitaires et devoirs professionnels\u00bb. et des communications qui seront donn\u00e9es lors de cette rencontre.<\/p>\n<p>Pour le pr\u00e9sident du GEPPAO, Venance Konan, par ailleurs directeur g\u00e9n\u00e9ral de Fraternit\u00e9 Matin (C\u00f4te d\u2019Ivoire), initiative s\u2019inscrit dans un contexte de crise s\u00e9curitaire, que vivent les pays de l\u2019Afrique de l\u2019Ouest et sp\u00e9cifiquement le Burkina Faso. Il a signifi\u00e9 que cette rencontre historique regroupera environ 300 participants, parmi lesquels des hommes politiques, des journalistes et des directeurs g\u00e9n\u00e9raux des m\u00e9dias d\u2019Etat de presse \u00e9crite du Burkina Faso, de la C\u00f4te d\u2019Ivoire, du B\u00e9nin, du Niger, du Mali, du Maroc et du S\u00e9n\u00e9gal, ainsi que des experts sur les questions de s\u00e9curit\u00e9 et de lutte contre le terrorisme.<\/p>\n<p>A l\u2019entendre, des panels seront d\u00e9velopp\u00e9s. Le premier panel va porter sur \u00ables nouveaux d\u00e9fis s\u00e9curitaires dans la zone UEMOA et le G5 Sahel\u00bb, le deuxi\u00e8me va situer la \u00abPlace des m\u00e9dias dans la lutte contre le terrorisme\u00a0: \u00e9tats des lieux\u00bb. Le troisi\u00e8me va r\u00e9pondre \u00e0 la question\u00a0: \u00abLa multiplicit\u00e9 des acteurs impliqu\u00e9s dans la d\u00e9fense de la paix et de la s\u00e9curit\u00e9 en Afrique de l\u2019Ouest est-elle un avantage ou un frein \u00e0 l\u2019atteinte de leurs objectifs\u00a0?\u00bb. Le quatri\u00e8me panel va se focaliser sur les strat\u00e9gies communes de lutte contre le terrorisme et la criminalit\u00e9 et le cinqui\u00e8me sera ax\u00e9 sur comment restaurer durablement la paix et la s\u00e9curit\u00e9 en Afrique de l\u2019Ouest\u00a0?<\/p>\n<h3>D\u00e9gager une meilleure politique de communication<\/h3>\n<p>Autant de sujets qui seront discut\u00e9s et qui donneront l\u2019opportunit\u00e9 aux \u2018\u2019forumistes\u2019\u2019, selon M. Konan, de saisir les m\u00e9canismes de bonnes pratiques, de comprendre et de recueillir les points de vue des sp\u00e9cialistes des diff\u00e9rents pays, afin d\u2019\u00e9tablir une collaboration en mati\u00e8re d\u2019harmonisation des approches du traitement des informations. Ils vont \u00e9galement d\u00e9gager une politique commune de communication dans la lutte contre le terrorisme dans la zone UEMOA et le G5 Sahel.<\/p>\n<p>Le pr\u00e9sident a indiqu\u00e9 que l\u2019objectif vis\u00e9 \u00e0 travers cette rencontre, est d\u2019inviter tous les m\u00e9dias publics et priv\u00e9s, \u00e0 jouer un r\u00f4le important pour venir \u00e0 bout du terrorisme. A la question de savoir s\u2019il faut discuter avec les terroristes, M. Konan s\u2019est voulu nuanc\u00e9.\u00a0 \u00abC\u2019est une question politique. Il appartient \u00e0 chaque pays, en fonction de ses r\u00e9alit\u00e9s de d\u00e9cider de la conduite \u00e0 tenir.<\/p>\n<p>A l\u2019issue du forum, cette question sera abord\u00e9e. Ce que nous voulons, c\u2019est de cr\u00e9er des cadres de r\u00e9flexions et d\u2019\u00e9changes, les r\u00e9unir dans un livre et les mettre \u00e0 la disposition de nos dirigeants et ils en feront ce qu\u2019ils voudront\u00bb. Le secr\u00e9taire g\u00e9n\u00e9ral du GEPPAO, Mahamadi Tiegna, directeur g\u00e9n\u00e9ral des Editions Sidwaya, a pr\u00e9cis\u00e9 que cette question n\u2019a pas sa r\u00e9ponse au niveau du groupement.<\/p>\n<p>Quant \u00e0 la deuxi\u00e8me pr\u00e9occupation sur les pays concern\u00e9s par le terrorisme et qui ne sont pas impliqu\u00e9s, M. Tiegna a fait savoir que ces derniers prendront part \u00e0 ce forum, mais pour plus de confidentialit\u00e9, la liste de tous les invit\u00e9s n\u2019a pas \u00e9t\u00e9 d\u00e9voil\u00e9e. L\u2019int\u00e9gration du Maroc \u00e0 l\u2019initiative du GEPPAO a \u00e9t\u00e9 aussi soulev\u00e9e par les journalistes et le pr\u00e9sident Konan les a rassur\u00e9s que le pays compte adh\u00e9rer \u00e0 la CEDEAO et sa venue est \u00e0 saluer. Quant \u00e0 la contribution de Fraternit\u00e9 Matin et Sidwaya dans l\u2019organisation du forum, le pr\u00e9sident du GEPPAO a not\u00e9 que ces deux organes sont les porteurs du projet et chacun y a apport\u00e9 sa contribution.<\/p>\n<p class=\"c1\"><strong>Afs\u00e9tou SAWADOGO<\/strong><\/p>\n<div class=\"td-a-rec td-a-rec-id-content_bottom td_uid_31_5cfa51d6c6d2c_rand td_block_template_1\"><img loading=\"lazy\" decoding=\"async\" class=\"alignright size-full wp-image-1724\" src=\"https:\/\/www.sidwaya.info\/wp-content\/uploads\/2018\/12\/sidwaya-pub.jpg\" alt=\"\" width=\"720\" height=\"90\"\/><\/div>\n<p>Auteur: JK. Sidwaya<br \/>\n<a href=\"https:\/\/www.sidwaya.info\/blog\/2019\/06\/07\/lutte-contre-le-terrorisme-la-plume-pour-vaincre-lennemi\/\">Cliquez ici pour lire l&rsquo;article depuis sa source.<\/a><\/p>\n","protected":false},"excerpt":{"rendered":"<p>Les conf\u00e9renciers ont soulign\u00e9 qu\u2019au sortir de ce forum, il y aura de nouvelles id\u00e9es pour bien orienter le travail d\u2019information des journalistes. Le Groupement des \u00e9diteurs de la presse publique de l\u2019Afrique de l\u2019Ouest (GEPPAO), a anim\u00e9 une conf\u00e9rence de presse, le jeudi 6 juin 2019 \u00e0 Ouagadougou. Il a d\u00e9voil\u00e9 aux journalistes, les [&hellip;]<\/p>\n","protected":false},"author":1816,"featured_media":0,"comment_status":"closed","ping_status":"closed","sticky":false,"template":"","format":"standard","meta":{"fifu_image_url":"","fifu_image_alt":"","footnotes":""},"categories":[73,81],"tags":[],"class_list":["post-39244","post","type-post","status-publish","format-standard","hentry","category-actualite","category-burkina-faso"],"_links":{"self":[{"href":"https:\/\/linitiative.ca\/International\/wp-json\/wp\/v2\/posts\/39244","targetHints":{"allow":["GET"]}}],"collection":[{"href":"https:\/\/linitiative.ca\/International\/wp-json\/wp\/v2\/posts"}],"about":[{"href":"https:\/\/linitiative.ca\/International\/wp-json\/wp\/v2\/types\/post"}],"author":[{"embeddable":true,"href":"https:\/\/linitiative.ca\/International\/wp-json\/wp\/v2\/users\/1816"}],"replies":[{"embeddable":true,"href":"https:\/\/linitiative.ca\/International\/wp-json\/wp\/v2\/comments?post=39244"}],"version-history":[{"count":0,"href":"https:\/\/linitiative.ca\/International\/wp-json\/wp\/v2\/posts\/39244\/revisions"}],"wp:attachment":[{"href":"https:\/\/linitiative.ca\/International\/wp-json\/wp\/v2\/media?parent=39244"}],"wp:term":[{"taxonomy":"category","embeddable":true,"href":"https:\/\/linitiative.ca\/International\/wp-json\/wp\/v2\/categories?post=39244"},{"taxonomy":"post_tag","embeddable":true,"href":"https:\/\/linitiative.ca\/International\/wp-json\/wp\/v2\/tags?post=39244"}],"curies":[{"name":"wp","href":"https:\/\/api.w.org\/{rel}","templated":true}]}}