{"id":39254,"date":"2019-06-07T07:30:00","date_gmt":"2019-06-07T11:30:00","guid":{"rendered":"https:\/\/linitiative.ca\/International\/la-charte-de-medine-precurseur-de-la-citoyennete\/"},"modified":"2019-06-07T07:30:00","modified_gmt":"2019-06-07T11:30:00","slug":"la-charte-de-medine-precurseur-de-la-citoyennete","status":"publish","type":"post","link":"https:\/\/linitiative.ca\/International\/la-charte-de-medine-precurseur-de-la-citoyennete\/","title":{"rendered":"La charte de M\u00e9dine, pr\u00e9curseur de la citoyennet\u00e9"},"content":{"rendered":"<div readability=\"38\">\n<p>Elle a permis, \u00e0 l\u2019\u00e9poque du Proph\u00e8te, la cohabitation entre musulmans et d\u2019autres confessions<\/p>\n<p>Des faits historiques relat\u00e9s par Ch\u00e9rif Ouazzani, sp\u00e9cialiste en pens\u00e9e islamique<\/p>\n<\/div>\n<div readability=\"115.5\">\n<div class=\"dnd-atom-wrapper type-image context-sdl_editor_representation atom-align-right\" contenteditable=\"false\" readability=\"33.5\">\n<div class=\"dnd-drop-wrapper image\"><img loading=\"lazy\" decoding=\"async\" typeof=\"foaf:Image\" class=\"img-responsive\" src=\"https:\/\/mobile.leconomiste.com\/sites\/default\/files\/eco7\/public\/thumbnails\/image\/abdellah_cherif_ouazzani_030.jpg\" width=\"325\" height=\"425\" alt=\"abdellah_cherif_ouazzani_030.jpg\" title=\"abdellah_cherif_ouazzani_030.jpg\"\/><\/div>\n<div class=\"dnd-legend-wrapper\" contenteditable=\"true\" readability=\"12\">\n<p class=\"rtejustify\">Pour Abdellah Ch\u00e9rif Ouazzani, enseignant chercheur sp\u00e9cialis\u00e9 en pens\u00e9e islamique et soufisme, plus on s\u2019\u00e9loignait de l\u2019\u00e8re proph\u00e9tique, plus on oublie les vraies valeurs de notre religion musulmane et on s\u2019accroche aux dogmes et aux rites <em>(Ph APD)<\/em><\/p>\n<\/div>\n<\/div>\n<p class=\"rtejustify\">La mondialisation \u00e9conomique et le d\u00e9veloppement des moyens de communication qui marquent notre \u00e9poque devraient en principe conduire \u00e0 plus de rapprochement et de progr\u00e8s en faveur des peuples. Mais dans la r\u00e9alit\u00e9, nous assistons ces derni\u00e8res ann\u00e9es \u00e0 l\u2019exacerbation des conflits et des chocs d\u2019ordre culturel qui attisent les ph\u00e9nom\u00e8nes de violence et du rejet de l\u2019autre, souvent motiv\u00e9s par des consid\u00e9rations religieuses.<\/p>\n<p class=\"rtejustify\">\u00abUne situation intelligemment exploit\u00e9e par certaines puissances pour faire fructifier leur commerce d\u2019armement et renforcer leur positionnement g\u00e9ostrat\u00e9gique\u00bb, a fait observer Abdellah Ch\u00e9rif Ouazzani, enseignant chercheur sp\u00e9cialis\u00e9 en pens\u00e9e islamique et soufisme, lors d\u2019une conf\u00e9rence organis\u00e9e, derni\u00e8rement \u00e0 Rabat, par l\u2019Association pour le progr\u00e8s des dirigeants (APD).<\/p>\n<p class=\"rtejustify\">Dans ce nouveau contexte, les musulmans se retrouvent en mauvaise posture, vivant des tensions et d\u00e9chirements internes conduits par des radicaux islamiques. Un autre ph\u00e9nom\u00e8ne patent, celui du probl\u00e8me d\u2019int\u00e9gration de la communaut\u00e9 musulmane dans certains pays, qui engendre le rejet de la part d\u2019une partie de la population autochtone.<\/p>\n<p class=\"rtejustify\">\u00abUn tout qui alt\u00e8re l\u2019image de l\u2019islam et ses valeurs authentiques fond\u00e9es sur la cohabitation et le respect de l\u2019autre\u00bb, souligne Ch\u00e9rif Ouazzani,<br \/>De son c\u00f4t\u00e9, Farida Jirari, directeur g\u00e9n\u00e9ral de l\u2019APD, a rappel\u00e9 que la mondialisation des \u00e9changes, les mouvements migratoires, le tourisme mondial et la r\u00e9volution digitale ont permis \u00e0 un plus grand nombre de personnes de diff\u00e9rentes croyances et de diff\u00e9rents niveaux de se retrouver ensemble, r\u00e9ellement ou virtuellement. Pour elle, ces contacts sont parfois \u00e0 l\u2019origine de chocs culturels, de ph\u00e9nom\u00e8nes de rejet ou m\u00eame de violence qui va de l\u2019acte individuel, au crime organis\u00e9 et m\u00eame au terrorisme d\u2019Etat. Ce qui explique l\u2019importance du dialogue interreligieux pour permettre \u00e0 l\u2019humanit\u00e9 de relever les d\u00e9fis globaux qui d\u00e9passent le p\u00e9rim\u00e8tre et les moyens des Etats-Nations.<\/p>\n<p class=\"rtejustify\">Le seul moyen de s\u2019\u00e9couter et de se comprendre reste le dialogue. \u00abLe dialogue est un devoir pour l\u2019humanit\u00e9 du fait que l\u2019homme porte le souffle divin, ce qui le diff\u00e9rencie et le rehausse par rapport aux autres cr\u00e9atures. En contrepartie, cette consid\u00e9ration impose une responsabilit\u00e9 envers l\u2019homme en tant que vicaire de Dieu en vue de faire du bien pour lui-m\u00eame et aussi au profit de ses semblables ainsi que vis-\u00e0-vis de la nature\u00bb, r\u00e9sume le conf\u00e9rencier.<\/p>\n<p class=\"rtejustify\">Pour ce dernier, la diff\u00e9rence que Dieu a cr\u00e9\u00e9e entre les communaut\u00e9s devrait en principe \u00eatre une source de richesse et d\u2019enrichissement au profit de l\u2019humanit\u00e9. Et aussi, un vecteur et un outil qui nous pousse \u00e0 d\u00e9couvrir cet Autre et dialoguer avec lui dans la perspective de mieux le conna\u00eetre, ce qui va favoriser un respect mutuel.<\/p>\n<p class=\"rtejustify\">Pour \u00e9tayer ses propos qualifiant l\u2019Islam comme religion de tol\u00e9rance, le conf\u00e9rencier fait un rappel historique sur l\u2019\u00e9poque de l\u2019installation du Proph\u00e8te avec les musulmans \u00e0 M\u00e9dine apr\u00e8s leur \u00e9migration de la Mecque. Une p\u00e9riode qui \u00e9tait marqu\u00e9e par une cohabitation entre les musulmans et les autres tribus notamment celles de confession juive.<\/p>\n<p class=\"rtejustify\">\u00abC\u2019est le fruit d\u2019un dialogue qui a permis l\u2019\u00e9laboration de la Charte de M\u00e9dine qui va d\u00e9finir les droits et les devoirs permettant aux musulmans et les juifs ainsi que les autres communaut\u00e9s de M\u00e9dine de vivre ensemble dans la paix\u00bb, affirme Ouazzani.<\/p>\n<p class=\"rtejustify\">Selon cette charte, le socle d\u2019appartenance est la citoyennet\u00e9 qui rassemble les gens, indique le conf\u00e9rencier. Ce qui a permis le respect du choix religieux des juifs \u00e0 cette \u00e9poque contrairement \u00e0 ce que fait actuellement Daech avec les musulmans qui n\u2019adh\u00e8rent pas \u00e0 sa vision, regrette-t-il.<\/p>\n<blockquote readability=\"16\">\n<p class=\"rtecenter\"><span class=\"c5\"><strong><span class=\"c4\">Agenda de l\u2019APD<\/span><\/strong><\/span><\/p>\n<p class=\"rtejustify\">Au cours de cette rencontre, les promoteurs de l\u2019\u00e9v\u00e8nement ont rappel\u00e9 les dates \u00e0 retenir dans leur prochain agenda. Une rencontre est pr\u00e9vue le 13 juin 2019 \u00e0 Casablanca qui sera anim\u00e9e par le c\u00e9l\u00e8bre entrepreneur am\u00e9ricain, Jordane Noone, co-fondateur et directeur de Relativity Space, premi\u00e8re et unique entreprise \u00e0 fabriquer des fus\u00e9es enti\u00e8rement imprim\u00e9es en 3D. La conf\u00e9rence portera donc sur cette nouvelle prouesse technologique qui est l\u2019impression 3D. Une semaine apr\u00e8s, une autre conf\u00e9rence se tiendra \u00e0 Rabat sur l\u2019int\u00e9gration et insertion des jeunes. Elle sera pr\u00e9sent\u00e9e par Herv\u00e9 Serieyx, un grand gourou du management, rappelle Jirari. Au menu \u00e9galement, un s\u00e9minaire sur l\u2019art de diriger et du leadership qui sera anim\u00e9 par l\u2019Amiral Olivier Lajous.<\/p>\n<\/blockquote>\n<p class=\"rtejustify\"><em>Noureddine EL AISSI\u00a0\u00a0\u00a0<\/em><\/p>\n<\/div>\n<p>Auteur: hlafriqi<br \/>\n<a href=\"https:\/\/www.leconomiste.com\/article\/1045998-la-charte-de-medine-precurseur-de-la-citoyennete\">Cliquez ici pour lire l&rsquo;article depuis sa source.<\/a><\/p>\n","protected":false},"excerpt":{"rendered":"<p>Elle a permis, \u00e0 l\u2019\u00e9poque du Proph\u00e8te, la cohabitation entre musulmans et d\u2019autres confessions Des faits historiques relat\u00e9s par Ch\u00e9rif Ouazzani, sp\u00e9cialiste en pens\u00e9e islamique Pour Abdellah Ch\u00e9rif Ouazzani, enseignant chercheur sp\u00e9cialis\u00e9 en pens\u00e9e islamique et soufisme, plus on s\u2019\u00e9loignait de l\u2019\u00e8re proph\u00e9tique, plus on oublie les vraies valeurs de notre religion musulmane et on [&hellip;]<\/p>\n","protected":false},"author":1763,"featured_media":39255,"comment_status":"closed","ping_status":"closed","sticky":false,"template":"","format":"standard","meta":{"fifu_image_url":"","fifu_image_alt":"","footnotes":""},"categories":[78,54],"tags":[],"class_list":["post-39254","post","type-post","status-publish","format-standard","has-post-thumbnail","hentry","category-economie","category-maroc"],"_links":{"self":[{"href":"https:\/\/linitiative.ca\/International\/wp-json\/wp\/v2\/posts\/39254","targetHints":{"allow":["GET"]}}],"collection":[{"href":"https:\/\/linitiative.ca\/International\/wp-json\/wp\/v2\/posts"}],"about":[{"href":"https:\/\/linitiative.ca\/International\/wp-json\/wp\/v2\/types\/post"}],"author":[{"embeddable":true,"href":"https:\/\/linitiative.ca\/International\/wp-json\/wp\/v2\/users\/1763"}],"replies":[{"embeddable":true,"href":"https:\/\/linitiative.ca\/International\/wp-json\/wp\/v2\/comments?post=39254"}],"version-history":[{"count":0,"href":"https:\/\/linitiative.ca\/International\/wp-json\/wp\/v2\/posts\/39254\/revisions"}],"wp:featuredmedia":[{"embeddable":true,"href":"https:\/\/linitiative.ca\/International\/wp-json\/"}],"wp:attachment":[{"href":"https:\/\/linitiative.ca\/International\/wp-json\/wp\/v2\/media?parent=39254"}],"wp:term":[{"taxonomy":"category","embeddable":true,"href":"https:\/\/linitiative.ca\/International\/wp-json\/wp\/v2\/categories?post=39254"},{"taxonomy":"post_tag","embeddable":true,"href":"https:\/\/linitiative.ca\/International\/wp-json\/wp\/v2\/tags?post=39254"}],"curies":[{"name":"wp","href":"https:\/\/api.w.org\/{rel}","templated":true}]}}