{"id":39262,"date":"2019-06-07T01:45:35","date_gmt":"2019-06-07T05:45:35","guid":{"rendered":"https:\/\/linitiative.ca\/International\/election-presidentielle-de-2020-le-depute-rasmane-sawadogo-soutient-kadre-desire-ouedraogo\/"},"modified":"2019-06-07T01:45:35","modified_gmt":"2019-06-07T05:45:35","slug":"election-presidentielle-de-2020-le-depute-rasmane-sawadogo-soutient-kadre-desire-ouedraogo","status":"publish","type":"post","link":"https:\/\/linitiative.ca\/International\/election-presidentielle-de-2020-le-depute-rasmane-sawadogo-soutient-kadre-desire-ouedraogo\/","title":{"rendered":"Election pr\u00e9sidentielle  de 2020 : Le d\u00e9put\u00e9 Rasman\u00e9 Sawadogo soutient Kadr\u00e9 D\u00e9sir\u00e9 Ou\u00e9draogo"},"content":{"rendered":"<div class=\"td-post-featured-image\" readability=\"34\"><a href=\"https:\/\/i2.wp.com\/www.sidwaya.info\/wp-content\/uploads\/2019\/06\/depute.jpg?fit=650%2C455&#038;ssl=1\" data-caption=\"\u00ab\u00a0Je ne soutiendrai jamais la candidature de Eddie Combo\u00efgo \u00e0 la pr\u00e9sidentielle\u00a0de 2020 \u00bb, dixit le d\u00e9put\u00e9 Rasman\u00e9 Daniel Sawadogo.\"><img loading=\"lazy\" decoding=\"async\" width=\"650\" height=\"455\" class=\"entry-thumb td-modal-image\" src=\"https:\/\/i2.wp.com\/www.sidwaya.info\/wp-content\/uploads\/2019\/06\/depute.jpg?resize=650%2C455&#038;ssl=1\" srcset=\"https:\/\/i2.wp.com\/www.sidwaya.info\/wp-content\/uploads\/2019\/06\/depute.jpg?w=650&#038;ssl=1 650w, https:\/\/i2.wp.com\/www.sidwaya.info\/wp-content\/uploads\/2019\/06\/depute.jpg?resize=300%2C210&#038;ssl=1 300w, https:\/\/i2.wp.com\/www.sidwaya.info\/wp-content\/uploads\/2019\/06\/depute.jpg?resize=100%2C70&#038;ssl=1 100w, https:\/\/i2.wp.com\/www.sidwaya.info\/wp-content\/uploads\/2019\/06\/depute.jpg?resize=600%2C420&#038;ssl=1 600w\" sizes=\"auto, (max-width: 650px) 100vw, 650px\" alt=\"\" title=\"depute\"\/><\/a>\u00ab\u00a0Je ne soutiendrai jamais la candidature de Eddie Combo\u00efgo \u00e0 la pr\u00e9sidentielle\u00a0de 2020 \u00bb, dixit le d\u00e9put\u00e9 Rasman\u00e9 Daniel Sawadogo.<\/div>\n<div class=\"td-a-rec td-a-rec-id-content_top td_uid_30_5cfa51dc9932f_rand td_block_template_1\"><img loading=\"lazy\" decoding=\"async\" class=\"aligncenter size-full wp-image-4463\" src=\"https:\/\/www.sidwaya.info\/wp-content\/uploads\/2019\/02\/FESPACO-TOUR-2019-Bannie%CC%80re-728x90-1.jpg\" alt=\"\" width=\"728\" height=\"90\"\/><\/div>\n<p><strong>Le d\u00e9put\u00e9 de la province du Sanmatenga du Congr\u00e8s pour la d\u00e9mocratie et le progr\u00e8s (CDP), Rasman\u00e9 Daniel Sawadogo\u00a0, a anim\u00e9, le mardi 4 juin 2019 \u00e0 Kaya, une conf\u00e9rence de presse pour \u00e9voquer sa d\u00e9mission du poste de secr\u00e9taire charg\u00e9 \u00e0 l\u2019organisation des travailleurs, du patronat et du dialogue social du Bureau politique national (BPN) du parti de l\u2019ex-pr\u00e9sident Blaise Compaor\u00e9.<\/strong><\/p>\n<p>\u00abJe n\u2019ai pas d\u00e9missionn\u00e9 du Congr\u00e8s pour la d\u00e9mocratie et le progr\u00e8s (CDP), ni du Secr\u00e9tariat g\u00e9n\u00e9ral de la Section provinciale du Sanmatenga dudit parti.\u00a0Mais, j\u2019ai d\u00e9missionn\u00e9 du poste de secr\u00e9taire charg\u00e9 \u00e0 l\u2019organisation des travailleurs, du patronat et du dialogue social du BPN du parti de l\u2019ex-pr\u00e9sident Blaise Compaor\u00e9\u00bb. Ce sont ces pr\u00e9cisions que le d\u00e9put\u00e9 CDP de la province du Sanmatenga, Rasman\u00e9 Daniel Sawadogo, a voulu apporter aux journalistes, lors d\u2019une conf\u00e9rence de presse anim\u00e9e, le mardi 4 juin 2019 \u00e0 Kaya.<\/p>\n<p>Justifiant sa d\u00e9mission par lettre du 3 juin 2019, le d\u00e9put\u00e9 a affirm\u00e9 qu\u2019elle fait suite \u00e0 une crise au sein du parti, n\u00e9e de la \u00abmauvaise gestion\u00bb\u00a0de son pr\u00e9sident, Eddie Combo\u00efgo. Cette crise, a-t-il poursuivi, qui a atteint son paroxysme, a pris racine depuis l\u2019invalidation de la candidature de M. Combo\u00efgo \u00e0 l\u2019 \u00e9lection pr\u00e9sidentielle de 2015.<\/p>\n<p>\u00abApr\u00e8s cette invalidation, il a quitt\u00e9 le pays, laissant le parti orphelin, sans pr\u00e9sident. Nous avons, malgr\u00e9 tout obtenu 18 d\u00e9put\u00e9s et 18 maires\u00bb, a-t-il argu\u00e9. Le d\u00e9put\u00e9 du Sanmatenga a indiqu\u00e9 que malgr\u00e9 sa posture de \u00abfuyard\u00bb, le pr\u00e9sident Combo\u00efgo s\u2019oppose toujours \u00e0 la candidature de Kadr\u00e9 D\u00e9sir\u00e9 Ou\u00e9draogo (KDO) \u00e0 la pr\u00e9sidentielle de 2020, s\u2019ent\u00eatant \u00e0 \u00eatre \u00e9galement candidat.<\/p>\n<p>Le conf\u00e9rencier a fustig\u00e9 la lettre d\u2019explication adress\u00e9e par le pr\u00e9sident du CDP aux participants du meeting de d\u00e9claration de la candidature de KDO, tenu \u00e0 Bobo-Dioulasso. Le d\u00e9missionnaire a reproch\u00e9 \u00e0 M. Combo\u00efgo, des pratiques contraires aux textes fondamentaux du parti.<\/p>\n<p>Selon lui, ce dernier a port\u00e9 le BPN \u00e0 1 000 membres alors que le congr\u00e8s en a d\u00e9cid\u00e9 600. \u00abIl s\u2019agit d\u2019une man\u0153uvre strat\u00e9gique pour pr\u00e9parer son passage forc\u00e9 au moment du choix du candidat \u00e0 la pr\u00e9sidentielle par le BPN\u00bb, a-t-il d\u00e9plor\u00e9. Prenant \u00e0 t\u00e9moin ses camarades \u00e0 la base, M. Sawadogo a r\u00e9v\u00e9l\u00e9 qu\u2019Eddie Combo\u00efgo pr\u00e9pare le renouvellement des bureaux des sections dont celui du Sanmatenga. Rasman\u00e9 Daniel Sawadogo a rassur\u00e9 qu\u2019il soutiendra toujours la candidature de KDO \u00e0 la pr\u00e9sidentielle de 2020.<\/p>\n<p class=\"c1\"><strong>Augustin Irwaya OUEDRAOGO<\/strong><\/p>\n<div class=\"td-a-rec td-a-rec-id-content_bottom td_uid_31_5cfa51dc994e5_rand td_block_template_1\"><img loading=\"lazy\" decoding=\"async\" class=\"alignright size-full wp-image-1724\" src=\"https:\/\/www.sidwaya.info\/wp-content\/uploads\/2018\/12\/sidwaya-pub.jpg\" alt=\"\" width=\"720\" height=\"90\"\/><\/div>\n<p>Auteur: JK. Sidwaya<br \/>\n<a href=\"https:\/\/www.sidwaya.info\/blog\/2019\/06\/07\/election-presidentielle-de-2020-le-depute-rasmane-sawadogo-soutient-kadre-desire-ouedraogo\/\">Cliquez ici pour lire l&rsquo;article depuis sa source.<\/a><\/p>\n","protected":false},"excerpt":{"rendered":"<p>\u00ab\u00a0Je ne soutiendrai jamais la candidature de Eddie Combo\u00efgo \u00e0 la pr\u00e9sidentielle\u00a0de 2020 \u00bb, dixit le d\u00e9put\u00e9 Rasman\u00e9 Daniel Sawadogo. Le d\u00e9put\u00e9 de la province du Sanmatenga du Congr\u00e8s pour la d\u00e9mocratie et le progr\u00e8s (CDP), Rasman\u00e9 Daniel Sawadogo\u00a0, a anim\u00e9, le mardi 4 juin 2019 \u00e0 Kaya, une conf\u00e9rence de presse pour \u00e9voquer sa [&hellip;]<\/p>\n","protected":false},"author":1816,"featured_media":0,"comment_status":"closed","ping_status":"closed","sticky":false,"template":"","format":"standard","meta":{"fifu_image_url":"","fifu_image_alt":"","footnotes":""},"categories":[73,81],"tags":[],"class_list":["post-39262","post","type-post","status-publish","format-standard","hentry","category-actualite","category-burkina-faso"],"_links":{"self":[{"href":"https:\/\/linitiative.ca\/International\/wp-json\/wp\/v2\/posts\/39262","targetHints":{"allow":["GET"]}}],"collection":[{"href":"https:\/\/linitiative.ca\/International\/wp-json\/wp\/v2\/posts"}],"about":[{"href":"https:\/\/linitiative.ca\/International\/wp-json\/wp\/v2\/types\/post"}],"author":[{"embeddable":true,"href":"https:\/\/linitiative.ca\/International\/wp-json\/wp\/v2\/users\/1816"}],"replies":[{"embeddable":true,"href":"https:\/\/linitiative.ca\/International\/wp-json\/wp\/v2\/comments?post=39262"}],"version-history":[{"count":0,"href":"https:\/\/linitiative.ca\/International\/wp-json\/wp\/v2\/posts\/39262\/revisions"}],"wp:attachment":[{"href":"https:\/\/linitiative.ca\/International\/wp-json\/wp\/v2\/media?parent=39262"}],"wp:term":[{"taxonomy":"category","embeddable":true,"href":"https:\/\/linitiative.ca\/International\/wp-json\/wp\/v2\/categories?post=39262"},{"taxonomy":"post_tag","embeddable":true,"href":"https:\/\/linitiative.ca\/International\/wp-json\/wp\/v2\/tags?post=39262"}],"curies":[{"name":"wp","href":"https:\/\/api.w.org\/{rel}","templated":true}]}}