{"id":39265,"date":"2019-06-07T01:52:55","date_gmt":"2019-06-07T05:52:55","guid":{"rendered":"https:\/\/linitiative.ca\/International\/echos-de-louest-mpp-banwa-le-sucre-perdu-a-ete-retrouve\/"},"modified":"2019-06-07T01:52:55","modified_gmt":"2019-06-07T05:52:55","slug":"echos-de-louest-mpp-banwa-le-sucre-perdu-a-ete-retrouve","status":"publish","type":"post","link":"https:\/\/linitiative.ca\/International\/echos-de-louest-mpp-banwa-le-sucre-perdu-a-ete-retrouve\/","title":{"rendered":"Echos de l\u2019Ouest\/ MPP\/Banwa : le sucre perdu a \u00e9t\u00e9 retrouv\u00e9"},"content":{"rendered":"<div class=\"td-a-rec td-a-rec-id-content_top td_uid_30_5cfa51df7af22_rand td_block_template_1\"><img loading=\"lazy\" decoding=\"async\" class=\"aligncenter size-full wp-image-4463\" src=\"https:\/\/www.sidwaya.info\/wp-content\/uploads\/2019\/02\/FESPACO-TOUR-2019-Bannie%CC%80re-728x90-1.jpg\" alt=\"\" width=\"728\" height=\"90\"\/><\/div>\n<p>Il y a du nouveau dans l\u2019affaire du sucre perdu et qui avait divis\u00e9 des membres de la section provinciale du MPP\/Banwa. Selon les informations re\u00e7ues, le sucre tomb\u00e9 dans l\u2019eau entre Gnassoumadougou et Signoghin dans les Banwa, a \u00e9t\u00e9 retrouv\u00e9 sur la voie, non loin d\u2019une concession.<\/p>\n<p>En effet, un conseiller MPP en partance pour Kouka aurait aper\u00e7u des cartons de sucre au bord de la voie et a inform\u00e9 un membre de la famille afin de proc\u00e9der au ramassage du sucre pour le mettre en lieu s\u00fbr.<\/p>\n<p>Une semaine apr\u00e8s que le secr\u00e9taire g\u00e9n\u00e9ral de la section provinciale du parti ait inform\u00e9 le ministre Salifo Tiemtor\u00e9, de 11 cartons tremp\u00e9s et au bureau provincial de la perte de ces m\u00eames cartons, le dimanche 2 juin 2019, le secr\u00e9taire g\u00e9n\u00e9ral communal du MPP, et le secr\u00e9taire provincial ainsi que le commandant de brigade adjoint de la gendarmerie sans les plaignants, ont effectu\u00e9 le d\u00e9placement pour v\u00e9rification.<\/p>\n<p>C\u2019est ainsi que 164 paquets de sucre ont \u00e9t\u00e9 retrouv\u00e9s intacts. Ces trois personnes ont convoy\u00e9 le sucre, environ 6 cartons (164 paquets) \u00e0 la brigade territoriale de gendarmerie de Solenzo afin de poursuivre les investigations.<\/p>\n<hr\/>\n<h3>49 747 candidats au CEP 2019 dans les Hauts-Bassins<\/h3>\n<p>Les acteurs de l\u2019enseignement de base de la r\u00e9gion des Hauts-Bassins ont tenu, le lundi 3 juin 2019, une rencontre pr\u00e9paratoire des examens et concours d\u2019entr\u00e9e en 6e, session 2018-2019, pr\u00e9vus se d\u00e9rouler, du 11 au 16 juin 2019. Pour cette session 2018-2019, la r\u00e9gion pr\u00e9sente 49 747 candidats au Certificat d\u2019\u00e9tudes primaires (CEP), r\u00e9partis dans 206 centres de composition avec 65 pr\u00e9sidents de jury.<\/p>\n<p>\u00abIl faut noter que cette ann\u00e9e, le nombre de candidats a augment\u00e9. Nous sommes pass\u00e9s de 45 845 en 2017-2018 \u00e0 49 747 en 2018-2019\u00bb, a d\u00e9clar\u00e9 Fouss\u00e9ni Sanou, inspecteur de l\u2019enseignement de 1er degr\u00e9 \u00e0 la direction r\u00e9gionale de l\u2019enseignement de base. Les responsables des circonscriptions de l\u2019enseignement de base ont fait part des difficult\u00e9s qu\u2019ils ont rencontr\u00e9es l\u2019ann\u00e9e derni\u00e8re et poser en m\u00eame temps leurs pr\u00e9occupations.<\/p>\n<p>Ils demandent aux chefs de service de la direction r\u00e9gionale, de jouer leur partition afin que les \u00e9preuves de cette ann\u00e9e puissent se d\u00e9rouler dans de bonnes conditions. La direction r\u00e9gionale a, \u00e0 son tour sollicit\u00e9 les responsables des circonscriptions et des pr\u00e9sidents des 65 jurys, de mettre l\u2019accent sur la rigueur et la vigilance dans le traitement des donn\u00e9es et des notes.<\/p>\n<p>Elle les exhorte \u00e9galement \u00e0 d\u00e9poser les r\u00e9sultats dans un d\u00e9lai bref, du 1 au 3 juillet, apr\u00e8s les examens. Pour les ann\u00e9es \u00e0 venir, la direction r\u00e9gionale invite les circonscriptions \u00e0 d\u00e9poser les dossiers d\u2019examen des candidats t\u00f4t, pour \u00e9viter les retards dans leurs traitements.<\/p>\n<hr\/>\n<h3>Club des communicateurs de l\u2019Universit\u00e9 Nazi- Boni : une soir\u00e9e-gala demain samedi 8 juin 2019<\/h3>\n<p>Le club des communicateurs de l\u2019Universit\u00e9 Nazi-Boni, a organis\u00e9 une conf\u00e9rence de presse le 3 juin 2019 \u00e0 Bobo-Dioulasso, sous le th\u00e8me \u00abImportance et place du communicateur dans le d\u00e9veloppement des entreprises, et la culture d\u2019une soci\u00e9t\u00e9 citoyenne\u00bb.<\/p>\n<p>A l\u2019occasion, les conf\u00e9renciers ont annonc\u00e9 un d\u00eener- gala, le samedi 8 juin 2019.\u00a0\u00abDurant cette soir\u00e9e, les communicateurs tenteront de montrer leur importance et leur place au sein des entreprises aux op\u00e9rateurs et aux chefs d\u2019entreprises\u00bb, a laiss\u00e9 entendre, le pr\u00e9sident du club des communicateurs de Nazi-Boni, Latif Ou\u00e9draogo.<\/p>\n<p>Cette c\u00e9r\u00e9monie s\u2019inscrit dans l\u2019agenda du club. Elle a une fonction didactique et un caract\u00e8re de visibilit\u00e9. Pour atteindre ses objectifs, le Club des communicateurs, promet \u00e0 ses 200 invit\u00e9s, une soir\u00e9e de d\u00e9couvertes. \u00abDans la soir\u00e9e du 8 juin, nos invit\u00e9s, auront un d\u00eener d\u2019\u00e9changes, une projection de film documentaire, un d\u00e9fil\u00e9 de mode pour mettre en exergue le savoir- \u00eatre du communicateur, une pi\u00e8ce th\u00e9\u00e2trale et des prestations d\u2019artistes\u00bb, a d\u00e9clar\u00e9, le vice- pr\u00e9sident du club, Jacob Zongo.<\/p>\n<p>Le club des communicateurs a vu le jour en 2014 et reconnu en 2018. C\u2019est un r\u00e9seau d\u2019\u00e9tudiants de la communication d\u2019entreprise de l\u2019Universit\u00e9 Nazi- Boni. Il a pour mission g\u00e9n\u00e9rale, la promotion de la fili\u00e8re communication et les m\u00e9tiers du communicateur aux chefs d\u2019entreprises.<\/p>\n<hr\/>\n<h3>Bobo-Dioulasso, ville morte le lendemain du Ramadan<\/h3>\n<p>La ville de Bobo-Dioulasso ressemblait \u00e0 une ville morte le lendemain de la f\u00eate de Ramadan qui a eu le 5 juin 2019. Les rues \u00e9taient presque d\u00e9sertes, des boutiques et hangars \u00e9taient ferm\u00e9s et le march\u00e9 central n\u2019a pas ouvert ses portes. Les services publics ont fonctionn\u00e9 avec cependant de nombreuses absences. Les lendemains de la f\u00eate de Ramadan sont ainsi dans la ville de Sya o\u00f9 les fid\u00e8les musulmans s\u2019offrent quelques jours de repos apr\u00e8s un mois de car\u00eame.<\/p>\n<div class=\"td-a-rec td-a-rec-id-content_bottom td_uid_31_5cfa51df7b0c6_rand td_block_template_1\"><img loading=\"lazy\" decoding=\"async\" class=\"alignright size-full wp-image-1724\" src=\"https:\/\/www.sidwaya.info\/wp-content\/uploads\/2018\/12\/sidwaya-pub.jpg\" alt=\"\" width=\"720\" height=\"90\"\/><\/div>\n<p>Auteur: JK. Sidwaya<br \/>\n<a href=\"https:\/\/www.sidwaya.info\/blog\/2019\/06\/07\/echos-de-louest-mpp-banwa-le-sucre-perdu-a-ete-retrouve\/\">Cliquez ici pour lire l&rsquo;article depuis sa source.<\/a><\/p>\n","protected":false},"excerpt":{"rendered":"<p>Il y a du nouveau dans l\u2019affaire du sucre perdu et qui avait divis\u00e9 des membres de la section provinciale du MPP\/Banwa. Selon les informations re\u00e7ues, le sucre tomb\u00e9 dans l\u2019eau entre Gnassoumadougou et Signoghin dans les Banwa, a \u00e9t\u00e9 retrouv\u00e9 sur la voie, non loin d\u2019une concession. En effet, un conseiller MPP en partance [&hellip;]<\/p>\n","protected":false},"author":1816,"featured_media":39269,"comment_status":"closed","ping_status":"closed","sticky":false,"template":"","format":"standard","meta":{"fifu_image_url":"","fifu_image_alt":"","footnotes":""},"categories":[73,81],"tags":[],"class_list":["post-39265","post","type-post","status-publish","format-standard","has-post-thumbnail","hentry","category-actualite","category-burkina-faso"],"_links":{"self":[{"href":"https:\/\/linitiative.ca\/International\/wp-json\/wp\/v2\/posts\/39265","targetHints":{"allow":["GET"]}}],"collection":[{"href":"https:\/\/linitiative.ca\/International\/wp-json\/wp\/v2\/posts"}],"about":[{"href":"https:\/\/linitiative.ca\/International\/wp-json\/wp\/v2\/types\/post"}],"author":[{"embeddable":true,"href":"https:\/\/linitiative.ca\/International\/wp-json\/wp\/v2\/users\/1816"}],"replies":[{"embeddable":true,"href":"https:\/\/linitiative.ca\/International\/wp-json\/wp\/v2\/comments?post=39265"}],"version-history":[{"count":0,"href":"https:\/\/linitiative.ca\/International\/wp-json\/wp\/v2\/posts\/39265\/revisions"}],"wp:featuredmedia":[{"embeddable":true,"href":"https:\/\/linitiative.ca\/International\/wp-json\/"}],"wp:attachment":[{"href":"https:\/\/linitiative.ca\/International\/wp-json\/wp\/v2\/media?parent=39265"}],"wp:term":[{"taxonomy":"category","embeddable":true,"href":"https:\/\/linitiative.ca\/International\/wp-json\/wp\/v2\/categories?post=39265"},{"taxonomy":"post_tag","embeddable":true,"href":"https:\/\/linitiative.ca\/International\/wp-json\/wp\/v2\/tags?post=39265"}],"curies":[{"name":"wp","href":"https:\/\/api.w.org\/{rel}","templated":true}]}}