{"id":39278,"date":"2019-06-07T05:06:27","date_gmt":"2019-06-07T09:06:27","guid":{"rendered":"https:\/\/linitiative.ca\/International\/la-conference-nationale-de-la-societe-civile-la-force-de-proposition\/"},"modified":"2019-06-07T05:06:27","modified_gmt":"2019-06-07T09:06:27","slug":"la-conference-nationale-de-la-societe-civile-la-force-de-proposition","status":"publish","type":"post","link":"https:\/\/linitiative.ca\/International\/la-conference-nationale-de-la-societe-civile-la-force-de-proposition\/","title":{"rendered":"La conf\u00e9rence nationale de la soci\u00e9t\u00e9 civile\u2026 la force de proposition"},"content":{"rendered":"<h4 class=\"title-14\"\/>\n<div class=\"featured_image\"><img width=\"800\" height=\"536\" data-cfsrc=\"https:\/\/www.elwatan.com\/wp-content\/uploads\/2019\/06\/B.-Souhil-e1559869337898.jpg\" class=\"attachment-post-thumbnail size-post-thumbnail wp-post-image c1\" alt=\"\"\/><noscript><\/p>\n<p><img loading=\"lazy\" decoding=\"async\" width=\"800\" height=\"536\" src=\"https:\/\/www.elwatan.com\/wp-content\/uploads\/2019\/06\/B.-Souhil-e1559869337898.jpg\" class=\"attachment-post-thumbnail size-post-thumbnail wp-post-image\" alt=\"\"\/><\/p>\n<p><\/noscript> <span class=\"featured-image-caption\">(Photo : Souhil B)<\/span><\/div>\n<p>C\u2019est \u00e0 l\u2019initiative du Collectif des dynamiques de la soci\u00e9t\u00e9 civile pour une transition d\u00e9mocratique et pacifique que la conf\u00e9rence nationale de la soci\u00e9t\u00e9 civile sera organis\u00e9e samedi prochain.<\/p>\n<p>Cr\u00e9\u00e9 le 27 f\u00e9vrier dernier, ce collectif regroupe aujourd\u2019hui une soixantaine de dynamiques dont celle de la diaspora, notamment en France. \u00c9tudiants, avocats, m\u00e9decins, syndicalistes, politiques, d\u00e9fenseurs des droits humains et associatifs, ils sont d\u00e9termin\u00e9s \u00e0 aller ensemble vers une solution consensuelle qui mettra fin \u00e0 la crise actuelle.<\/p>\n<p>Apr\u00e8s sa cr\u00e9ation, le collectif a commenc\u00e9 par rendre publiques ses propositions de sortie de crise le 18 mars dernier. C\u2019est suite \u00e0 cela qu\u2019il a pris attache avec tous les partis politiques afin de les inviter \u00e0 le rejoindre.<\/p>\n<p>Quant \u00e0 la conf\u00e9rence nationale dont il est question, l\u2019annonce en a \u00e9t\u00e9 faite le 27 avril dernier, ce qui a attir\u00e9 l\u2019attention des syndicats qui r\u00e9fl\u00e9chissaient \u00e0 la m\u00eame dynamique. La rencontre n\u2019a pas tard\u00e9 \u00e0 avoir lieu entre les deux parties, qui ont tenu plusieurs r\u00e9unions par la suite.<\/p>\n<p>Aujourd\u2019hui, trois groupes composent principalement l\u2019initiative dont on citera ici la Conf\u00e9d\u00e9ration des syndicats alg\u00e9riens, le Collectif de la soci\u00e9t\u00e9 civile pour une transition d\u00e9mocratique et pacifique qui \u00e9tait \u00e0 la base de l\u2019appel \u00e0 la conf\u00e9rence, et le Forum civil qui regroupe des dizaines d\u2019associations repr\u00e9sentatives. Plusieurs propositions ont \u00e9t\u00e9 faites par les membres de ce collectif, dont celles que nous vous proposons ici.<\/p>\n<p><strong>(Lire la suite des articles\u2026 )<\/strong><\/p>\n<p><span class=\"post-views-label\">Post Views:<\/span> <span class=\"post-views-count\">171<\/span><\/p>\n<p>Auteur: Hicham Chouadria<br \/>\n<a href=\"https:\/\/www.elwatan.com\/edition\/actualite\/la-conference-nationale-de-la-societe-civile-la-force-de-proposition-07-06-2019\">Cliquez ici pour lire l&rsquo;article depuis sa source.<\/a><\/p>\n","protected":false},"excerpt":{"rendered":"<p>(Photo : Souhil B) C\u2019est \u00e0 l\u2019initiative du Collectif des dynamiques de la soci\u00e9t\u00e9 civile pour une transition d\u00e9mocratique et pacifique que la conf\u00e9rence nationale de la soci\u00e9t\u00e9 civile sera organis\u00e9e samedi prochain. Cr\u00e9\u00e9 le 27 f\u00e9vrier dernier, ce collectif regroupe aujourd\u2019hui une soixantaine de dynamiques dont celle de la diaspora, notamment en France. \u00c9tudiants, [&hellip;]<\/p>\n","protected":false},"author":1743,"featured_media":39279,"comment_status":"closed","ping_status":"closed","sticky":false,"template":"","format":"standard","meta":{"fifu_image_url":"","fifu_image_alt":"","footnotes":""},"categories":[73,53],"tags":[],"class_list":["post-39278","post","type-post","status-publish","format-standard","has-post-thumbnail","hentry","category-actualite","category-algerie"],"_links":{"self":[{"href":"https:\/\/linitiative.ca\/International\/wp-json\/wp\/v2\/posts\/39278","targetHints":{"allow":["GET"]}}],"collection":[{"href":"https:\/\/linitiative.ca\/International\/wp-json\/wp\/v2\/posts"}],"about":[{"href":"https:\/\/linitiative.ca\/International\/wp-json\/wp\/v2\/types\/post"}],"author":[{"embeddable":true,"href":"https:\/\/linitiative.ca\/International\/wp-json\/wp\/v2\/users\/1743"}],"replies":[{"embeddable":true,"href":"https:\/\/linitiative.ca\/International\/wp-json\/wp\/v2\/comments?post=39278"}],"version-history":[{"count":0,"href":"https:\/\/linitiative.ca\/International\/wp-json\/wp\/v2\/posts\/39278\/revisions"}],"wp:featuredmedia":[{"embeddable":true,"href":"https:\/\/linitiative.ca\/International\/wp-json\/"}],"wp:attachment":[{"href":"https:\/\/linitiative.ca\/International\/wp-json\/wp\/v2\/media?parent=39278"}],"wp:term":[{"taxonomy":"category","embeddable":true,"href":"https:\/\/linitiative.ca\/International\/wp-json\/wp\/v2\/categories?post=39278"},{"taxonomy":"post_tag","embeddable":true,"href":"https:\/\/linitiative.ca\/International\/wp-json\/wp\/v2\/tags?post=39278"}],"curies":[{"name":"wp","href":"https:\/\/api.w.org\/{rel}","templated":true}]}}