{"id":39280,"date":"2019-06-07T05:15:57","date_gmt":"2019-06-07T09:15:57","guid":{"rendered":"https:\/\/linitiative.ca\/International\/bensalah-ne-convainc-pas\/"},"modified":"2019-06-07T05:15:57","modified_gmt":"2019-06-07T09:15:57","slug":"bensalah-ne-convainc-pas","status":"publish","type":"post","link":"https:\/\/linitiative.ca\/International\/bensalah-ne-convainc-pas\/","title":{"rendered":"Bensalah ne convainc pas"},"content":{"rendered":"<h4 class=\"title-14\">Alors que les Alg\u00e9riens s\u2019appr\u00eatent \u00e0 manifester pour le 16e vendredi cons\u00e9cutif<\/h4>\n<div class=\"featured_image\"><img width=\"800\" height=\"378\" data-cfsrc=\"https:\/\/www.elwatan.com\/wp-content\/uploads\/2019\/06\/B-souhil-e1559856596337.jpg\" class=\"attachment-post-thumbnail size-post-thumbnail wp-post-image c1\" alt=\"\"\/><noscript><\/p>\n<p><img loading=\"lazy\" decoding=\"async\" width=\"800\" height=\"378\" src=\"https:\/\/www.elwatan.com\/wp-content\/uploads\/2019\/06\/B-souhil-e1559856596337.jpg\" class=\"attachment-post-thumbnail size-post-thumbnail wp-post-image\" alt=\"\"\/><\/p>\n<p><\/noscript> <span class=\"featured-image-caption\">Photo : Souhil B)<\/span><\/div>\n<p>Rien de nouveau sous le soleil. Dans son premier discours depuis l\u2019annulation de la pr\u00e9sidentielle \u00e0 l\u2019issue de laquelle il \u00e9tait cens\u00e9 remettre le pouvoir, le chef de l\u2019Etat Abdelkader Bensalah, affaibli et presque \u00abm\u00e9connaissable\u00bb, s\u2019est adress\u00e9 hier \u00e0 la nation.<\/p>\n<p>Trois points phares se d\u00e9gagent d\u2019un discours de quelques minutes seulement. Premi\u00e8rement, il ne partira pas, comme \u00abexig\u00e9\u00bb par le peuple et par la Constitution aussi. \u00ab\u2026 Il revient au chef de l\u2019Etat de convoquer de nouveau le corps \u00e9lectoral et de parachever le processus \u00e9lectoral jusqu\u2019\u00e0 l\u2019\u00e9lection du pr\u00e9sident de la R\u00e9publique et la prestation du serment constitutionnel\u2026<\/p>\n<p>Cette situation m\u2019oblige donc \u00e0 continuer \u00e0 assumer la charge de chef de l\u2019Etat jusqu\u2019\u00e0 l\u2019\u00e9lection du pr\u00e9sident de la R\u00e9publique et je suis parfaitement conscient de l\u2019ampleur de cette responsabilit\u00e9\u00bb, a-t-il dit. Deuxi\u00e8mement, organiser l\u2019\u00e9lection pr\u00e9sidentielle dans \u00abdes d\u00e9lais raisonnables\u00bb.<\/p>\n<p>Il n\u2019a annonc\u00e9 ni date ni d\u00e9lai. Et au chef de l\u2019Etat d\u2019ajouter\u00a0: \u00abD\u2019o\u00f9 ma certitude que l\u2019organisation d\u2019une pr\u00e9sidentielle dans des d\u00e9lais acceptables, sans aucune perte de temps, constitue l\u2019unique voie et la plus efficace politiquement et la plus rationnelle d\u00e9mocratiquement\u00bb.<\/p>\n<p>Troisi\u00e8mement, il a appel\u00e9 la classe politique, la soci\u00e9t\u00e9 civile et les personnalit\u00e9s nationales \u00e0 \u00abopter pour la voie du dialogue inclusif en vue de poser les jalons du processus de concertation\u00bb afin de sortir de la crise politique que traverse le pays. Un appel pour aboutir \u00e0 l\u2019organisation d\u2019\u00e9lections transparentes et d\u00e9mocratiques.<\/p>\n<p>Il a invit\u00e9 \u00abla classe politique, la soci\u00e9t\u00e9 civile et les personnalit\u00e9s patriotiques nationales, jalouses du devenir de l\u2019Alg\u00e9rie, \u00e0 opter pour la voie du dialogue inclusif en vue de poser les jalons du processus de concertation que l\u2019Etat s\u2019emploiera \u00e0 organiser dans les meilleurs d\u00e9lais, \u00e0 d\u00e9battre de toutes les pr\u00e9occupations portant sur la prochaine \u00e9ch\u00e9ance pr\u00e9sidentielle, et partant, tracer une feuille de route devant aider \u00e0 l\u2019organisation du scrutin dans un climat d\u2019entente et de s\u00e9r\u00e9nit\u00e9\u00bb.<\/p>\n<p>La Constitution pr\u00e9voit que l\u2019int\u00e9rim de Bensalah dure 90 jours, durant lesquels il doit organiser une pr\u00e9sidentielle \u2013 qui \u00e9tait pr\u00e9vue le 4 juillet \u2013 et remettre le pouvoir au nouvel \u00e9lu. Mais, en rejetant le 2 juin les deux seuls dossiers de candidature, le Conseil constitutionnel a constat\u00e9 \u00abl\u2019impossibilit\u00e9\u00bb de la tenue du scrutin du 4 juillet. En chargeant M. Bensalah de \u00abconvoquer\u00bb une nouvelle \u00e9lection, le Conseil constitutionnel a de facto prolong\u00e9 sine die l\u2019int\u00e9rim, jusqu\u2019\u00e0 la prestation de serment d\u2019un nouveau pr\u00e9sident \u00e9lu.<\/p>\n<p>Dimanche dernier, le Conseil constitutionnel avait indiqu\u00e9 que Bensalah \u00abresterait\u00bb \u00e0 son poste de chef de l\u2019Etat par int\u00e9rim, et ce, \u00abjusqu\u2019\u00e0 l\u2019\u00e9lection du pr\u00e9sident de la R\u00e9publique et la prestation de serment constitutionnel\u00bb du prochain pr\u00e9sident, prolongeant de fait la mission de Bensalah. \u00abIl revient au chef de l\u2019Etat de convoquer de nouveau le corps \u00e9lectoral et de parachever le processus \u00e9lectoral jusqu\u2019\u00e0 l\u2019\u00e9lection du pr\u00e9sident de la R\u00e9publique et la prestation de serment constitutionnel\u00bb, a estim\u00e9 le Conseil constitutionnel dans un communiqu\u00e9 diffus\u00e9 ce dimanche suite \u00e0 l\u2019annonce du rejet des deux candidatures \u00e0 l\u2019\u00e9lection pr\u00e9sidentielle pr\u00e9vue pour le 4 juillet.<\/p>\n<p>Et d\u2019ajouter : \u00abIl y a lieu de r\u00e9unir les conditions ad\u00e9quates pour l\u2019organisation de cette \u00e9lection dans la transparence et la neutralit\u00e9 en vue de pr\u00e9server les institutions constitutionnelles qui concourent \u00e0 la r\u00e9alisation des aspirations du peuple souverain\u00bb, a par ailleurs indiqu\u00e9 le Conseil constitutionnel. Mais, il s\u2019agit en r\u00e9alit\u00e9 d\u2019une situation qui n\u2019\u00e9tait pas pr\u00e9vue par le Constitution.<\/p>\n<p>Fatiha Benabou, constitutionaliste, indique\u00a0: \u00abLa convocation du corps \u00e9lectoral est l\u00e9gale par rapport \u00e0 l\u2019article 136 de la loi \u00e9lectorale. Cette disposition est assez large pour permettre autant de convocations que n\u00e9cessaire, c\u2019est-\u00e0-dire qu\u2019elle ne limite pas juridiquement le chef de l\u2019Etat. Mais le d\u00e9part de Bensalah, exig\u00e9 \u00e9galement par le peuple, doit intervenir dans les jours \u00e0 venir. En revanche, selon mon interpr\u00e9tation de l\u2019article 102 de la Constitution, la p\u00e9riode de l\u2019int\u00e9rim est limit\u00e9e \u00e0 90 jours non renouvelables. Il doit partir, normalement, apr\u00e8s le 8 juillet 2019, car son mandat prend fin\u00bb, selon la constitutionnaliste.<\/p>\n<p>Le lendemain de l\u2019annonce du Conseil constitutionnel, un groupe de huit partis de l\u2019opposition ont rejet\u00e9 en bloc cette option, qualifi\u00e9e d\u2019anticonstitutionnelle. L\u2019UFDS, Talaie El Hourriyet, le MSP, le parti El Adala, Al Binaa, le PLJ, le parti Fadjr Al Jadid, et le mouvement Ennahda ont jug\u00e9 \u00abanticonstitutionnelle\u00bb cette d\u00e9cision qui n\u2019est pas conforme aux aspirations du peuple, selon eux.<\/p>\n<p>Le discours prononc\u00e9 hier \u00e0 la veille du 16e vendredi cons\u00e9cutif de protestation n\u2019a rien apport\u00e9 de nouveau. La mobilisation, selon les appels lanc\u00e9s encore sur les r\u00e9seaux sociaux reste \u00abintacte\u00bb.<\/p>\n<p>Du moins pour les premi\u00e8res r\u00e9actions enregistr\u00e9es, Bensalah ne semble pas avoir convaincu et r\u00e9pondu aux demandes du peuple. Les Alg\u00e9riens s\u2019appr\u00eatent \u00e0 manifester aujourd\u2019hui, premier vendredi apr\u00e8s le mois de Ramadhan qui ne les a pas emp\u00each\u00e9s de maintenir la mobilisation et d\u2019occuper pacifiquement les rues dans tout le pays, avec toujours les m\u00eames revendications\u00a0: le rejet d\u2019une transition g\u00e9r\u00e9e par les symboles du syst\u00e8me, incarn\u00e9s par les 2B ; Abdelkader Bensalah et Noureddine Bedoui !<\/p>\n<p><span class=\"post-views-label\">Post Views:<\/span> <span class=\"post-views-count\">1\u00a0325<\/span><\/p>\n<p>Auteur: Hicham Chouadria<br \/>\n<a href=\"https:\/\/www.elwatan.com\/a-la-une\/alors-que-les-algeriens-sappretent-a-manifester-pour-le-16e-vendredi-consecutif-bensalah-ne-convainc-pas-07-06-2019\">Cliquez ici pour lire l&rsquo;article depuis sa source.<\/a><\/p>\n","protected":false},"excerpt":{"rendered":"<p>Alors que les Alg\u00e9riens s\u2019appr\u00eatent \u00e0 manifester pour le 16e vendredi cons\u00e9cutif Photo : Souhil B) Rien de nouveau sous le soleil. Dans son premier discours depuis l\u2019annulation de la pr\u00e9sidentielle \u00e0 l\u2019issue de laquelle il \u00e9tait cens\u00e9 remettre le pouvoir, le chef de l\u2019Etat Abdelkader Bensalah, affaibli et presque \u00abm\u00e9connaissable\u00bb, s\u2019est adress\u00e9 hier \u00e0 [&hellip;]<\/p>\n","protected":false},"author":1743,"featured_media":39281,"comment_status":"closed","ping_status":"closed","sticky":false,"template":"","format":"standard","meta":{"fifu_image_url":"","fifu_image_alt":"","footnotes":""},"categories":[73,53],"tags":[],"class_list":["post-39280","post","type-post","status-publish","format-standard","has-post-thumbnail","hentry","category-actualite","category-algerie"],"_links":{"self":[{"href":"https:\/\/linitiative.ca\/International\/wp-json\/wp\/v2\/posts\/39280","targetHints":{"allow":["GET"]}}],"collection":[{"href":"https:\/\/linitiative.ca\/International\/wp-json\/wp\/v2\/posts"}],"about":[{"href":"https:\/\/linitiative.ca\/International\/wp-json\/wp\/v2\/types\/post"}],"author":[{"embeddable":true,"href":"https:\/\/linitiative.ca\/International\/wp-json\/wp\/v2\/users\/1743"}],"replies":[{"embeddable":true,"href":"https:\/\/linitiative.ca\/International\/wp-json\/wp\/v2\/comments?post=39280"}],"version-history":[{"count":0,"href":"https:\/\/linitiative.ca\/International\/wp-json\/wp\/v2\/posts\/39280\/revisions"}],"wp:featuredmedia":[{"embeddable":true,"href":"https:\/\/linitiative.ca\/International\/wp-json\/"}],"wp:attachment":[{"href":"https:\/\/linitiative.ca\/International\/wp-json\/wp\/v2\/media?parent=39280"}],"wp:term":[{"taxonomy":"category","embeddable":true,"href":"https:\/\/linitiative.ca\/International\/wp-json\/wp\/v2\/categories?post=39280"},{"taxonomy":"post_tag","embeddable":true,"href":"https:\/\/linitiative.ca\/International\/wp-json\/wp\/v2\/tags?post=39280"}],"curies":[{"name":"wp","href":"https:\/\/api.w.org\/{rel}","templated":true}]}}