{"id":39305,"date":"2019-06-07T15:14:00","date_gmt":"2019-06-07T19:14:00","guid":{"rendered":"https:\/\/linitiative.ca\/International\/afrique-le-nouveau-maillot-du-cameroun-pour-la-can-2019-photos\/"},"modified":"2019-06-07T15:14:00","modified_gmt":"2019-06-07T19:14:00","slug":"afrique-le-nouveau-maillot-du-cameroun-pour-la-can-2019-photos","status":"publish","type":"post","link":"https:\/\/linitiative.ca\/International\/afrique-le-nouveau-maillot-du-cameroun-pour-la-can-2019-photos\/","title":{"rendered":"Afrique : Le nouveau maillot du Cameroun pour la CAN 2019 (Photos)"},"content":{"rendered":"<div readability=\"32\">\n<p>Auteur : <span class=\"time\">vendredi 07 juin 2019 17:52<\/span><\/p>\n<\/div>\n<div id=\"post_core\" readability=\"36\">\n<p>Un maillot o\u00f9 la couleur vert pr\u00e9domine. Le jaune s\u2019invite aussi au niveau de l\u2019\u00e9cusson, du logo, de l\u2019\u00e9quipementier et de l\u2019arri\u00e8re du col comme l&rsquo;indique Footmercato. Ce maillot est disponible d\u00e8s ce vendredi :<\/p>\n<p><img decoding=\"async\" alt=\"\" src=\"https:\/\/pbs.twimg.com\/media\/D8do4sjWsAAwHs7.jpg\" class=\"c1\"\/><\/p>\n<p><img decoding=\"async\" alt=\"\" src=\"https:\/\/pbs.twimg.com\/media\/D8do4stXoAAHfZ0.jpg\" class=\"c2\"\/><\/p>\n<p><img decoding=\"async\" alt=\"\" src=\"https:\/\/pbs.twimg.com\/media\/D8do4sqX4AIsOn0.jpg\" class=\"c2\"\/><\/p>\n<p><strong>Publi\u00e9 dans :<\/strong> <span>Cameroun<\/span><\/p>\n<\/div>\n<p>Auteur:<br \/>\n<a href=\"http:\/\/www.lebuteur.com\/article\/detail?titre=le-nouveau-maillot-du-cameroun-pour-la-can-2019-photos&#038;id=89384&#038;utm_source=feedburner&#038;utm_medium=feed&#038;utm_campaign=Feed%3A+GalerieFArtciles+%28Les+derniers+articles++-+lebuteur.com%29\">Cliquez ici pour lire l&rsquo;article depuis sa source.<\/a><\/p>\n","protected":false},"excerpt":{"rendered":"<p>Auteur : vendredi 07 juin 2019 17:52 Un maillot o\u00f9 la couleur vert pr\u00e9domine. Le jaune s\u2019invite aussi au niveau de l\u2019\u00e9cusson, du logo, de l\u2019\u00e9quipementier et de l\u2019arri\u00e8re du col comme l&rsquo;indique Footmercato. Ce maillot est disponible d\u00e8s ce vendredi : Publi\u00e9 dans : Cameroun Auteur: Cliquez ici pour lire l&rsquo;article depuis sa source.<\/p>\n","protected":false},"author":1738,"featured_media":39306,"comment_status":"closed","ping_status":"closed","sticky":false,"template":"","format":"standard","meta":{"fifu_image_url":"","fifu_image_alt":"","footnotes":""},"categories":[53,75],"tags":[],"class_list":["post-39305","post","type-post","status-publish","format-standard","has-post-thumbnail","hentry","category-algerie","category-sport"],"_links":{"self":[{"href":"https:\/\/linitiative.ca\/International\/wp-json\/wp\/v2\/posts\/39305","targetHints":{"allow":["GET"]}}],"collection":[{"href":"https:\/\/linitiative.ca\/International\/wp-json\/wp\/v2\/posts"}],"about":[{"href":"https:\/\/linitiative.ca\/International\/wp-json\/wp\/v2\/types\/post"}],"author":[{"embeddable":true,"href":"https:\/\/linitiative.ca\/International\/wp-json\/wp\/v2\/users\/1738"}],"replies":[{"embeddable":true,"href":"https:\/\/linitiative.ca\/International\/wp-json\/wp\/v2\/comments?post=39305"}],"version-history":[{"count":0,"href":"https:\/\/linitiative.ca\/International\/wp-json\/wp\/v2\/posts\/39305\/revisions"}],"wp:featuredmedia":[{"embeddable":true,"href":"https:\/\/linitiative.ca\/International\/wp-json\/"}],"wp:attachment":[{"href":"https:\/\/linitiative.ca\/International\/wp-json\/wp\/v2\/media?parent=39305"}],"wp:term":[{"taxonomy":"category","embeddable":true,"href":"https:\/\/linitiative.ca\/International\/wp-json\/wp\/v2\/categories?post=39305"},{"taxonomy":"post_tag","embeddable":true,"href":"https:\/\/linitiative.ca\/International\/wp-json\/wp\/v2\/tags?post=39305"}],"curies":[{"name":"wp","href":"https:\/\/api.w.org\/{rel}","templated":true}]}}