{"id":39307,"date":"2019-06-07T15:14:02","date_gmt":"2019-06-07T19:14:02","guid":{"rendered":"https:\/\/linitiative.ca\/International\/equipe-dalgerie-apres-midi-libre-pour-les-verts-a-la-veille-du-depart-pour-le-qatar\/"},"modified":"2019-06-07T15:14:02","modified_gmt":"2019-06-07T19:14:02","slug":"equipe-dalgerie-apres-midi-libre-pour-les-verts-a-la-veille-du-depart-pour-le-qatar","status":"publish","type":"post","link":"https:\/\/linitiative.ca\/International\/equipe-dalgerie-apres-midi-libre-pour-les-verts-a-la-veille-du-depart-pour-le-qatar\/","title":{"rendered":"Equipe d&rsquo;Alg\u00e9rie : Apr\u00e8s-midi libre pour les Verts \u00e0 la veille du d\u00e9part pour le Qatar"},"content":{"rendered":"<div readability=\"32\">\n<p>Auteur : <span class=\"time\">vendredi 07 juin 2019 18:13<\/span><\/p>\n<\/div>\n<div id=\"post_core\" readability=\"36\">\n<p>Apr\u00e8s ces quelques heures de r\u00e9pit, les joueurs devront regagner le centre technique de Sidi Moussa ce vendredi avant minuit. Au programme ce samedi une l\u00e9g\u00e8re s\u00e9ance d&rsquo;entrainement dans la matin\u00e9e avant de tenir un point presse avec les journalistes au CTN. L&rsquo;\u00e9quipe nationale s&rsquo;envolera ensuite pour le Qatar en d\u00e9but d&rsquo;apr\u00e8s-midi afin d&rsquo;y poursuivre sa pr\u00e9paration.<\/p>\n<p><strong>Publi\u00e9 dans :<\/strong> <span>algerie<\/span><\/p>\n<\/div>\n<p>Auteur:<br \/>\n<a href=\"http:\/\/www.lebuteur.com\/article\/detail?titre=apres-midi-libre-pour-les-verts-a-la-veille-du-depart-pour-le-qatar&#038;id=89385&#038;utm_source=feedburner&#038;utm_medium=feed&#038;utm_campaign=Feed%3A+GalerieFArtciles+%28Les+derniers+articles++-+lebuteur.com%29\">Cliquez ici pour lire l&rsquo;article depuis sa source.<\/a><\/p>\n","protected":false},"excerpt":{"rendered":"<p>Auteur : vendredi 07 juin 2019 18:13 Apr\u00e8s ces quelques heures de r\u00e9pit, les joueurs devront regagner le centre technique de Sidi Moussa ce vendredi avant minuit. Au programme ce samedi une l\u00e9g\u00e8re s\u00e9ance d&rsquo;entrainement dans la matin\u00e9e avant de tenir un point presse avec les journalistes au CTN. L&rsquo;\u00e9quipe nationale s&rsquo;envolera ensuite pour le [&hellip;]<\/p>\n","protected":false},"author":1738,"featured_media":39308,"comment_status":"closed","ping_status":"closed","sticky":false,"template":"","format":"standard","meta":{"fifu_image_url":"","fifu_image_alt":"","footnotes":""},"categories":[53,75],"tags":[],"class_list":["post-39307","post","type-post","status-publish","format-standard","has-post-thumbnail","hentry","category-algerie","category-sport"],"_links":{"self":[{"href":"https:\/\/linitiative.ca\/International\/wp-json\/wp\/v2\/posts\/39307","targetHints":{"allow":["GET"]}}],"collection":[{"href":"https:\/\/linitiative.ca\/International\/wp-json\/wp\/v2\/posts"}],"about":[{"href":"https:\/\/linitiative.ca\/International\/wp-json\/wp\/v2\/types\/post"}],"author":[{"embeddable":true,"href":"https:\/\/linitiative.ca\/International\/wp-json\/wp\/v2\/users\/1738"}],"replies":[{"embeddable":true,"href":"https:\/\/linitiative.ca\/International\/wp-json\/wp\/v2\/comments?post=39307"}],"version-history":[{"count":0,"href":"https:\/\/linitiative.ca\/International\/wp-json\/wp\/v2\/posts\/39307\/revisions"}],"wp:featuredmedia":[{"embeddable":true,"href":"https:\/\/linitiative.ca\/International\/wp-json\/"}],"wp:attachment":[{"href":"https:\/\/linitiative.ca\/International\/wp-json\/wp\/v2\/media?parent=39307"}],"wp:term":[{"taxonomy":"category","embeddable":true,"href":"https:\/\/linitiative.ca\/International\/wp-json\/wp\/v2\/categories?post=39307"},{"taxonomy":"post_tag","embeddable":true,"href":"https:\/\/linitiative.ca\/International\/wp-json\/wp\/v2\/tags?post=39307"}],"curies":[{"name":"wp","href":"https:\/\/api.w.org\/{rel}","templated":true}]}}