{"id":39312,"date":"2019-06-07T12:15:00","date_gmt":"2019-06-07T16:15:00","guid":{"rendered":"https:\/\/linitiative.ca\/International\/a-stidia-et-kaf-lasfar-4-corps-sans-vie-de-harragas-rejetes-par-la-mer\/"},"modified":"2019-06-07T12:15:00","modified_gmt":"2019-06-07T16:15:00","slug":"a-stidia-et-kaf-lasfar-4-corps-sans-vie-de-harragas-rejetes-par-la-mer","status":"publish","type":"post","link":"https:\/\/linitiative.ca\/International\/a-stidia-et-kaf-lasfar-4-corps-sans-vie-de-harragas-rejetes-par-la-mer\/","title":{"rendered":"A STIDIA ET KAF LASFAR  : 4 corps sans vie de harragas rejet\u00e9s par la mer"},"content":{"rendered":"<p><br id=\"sep_para_1\" class=\"sep_para access\"\/><\/p>\n<div id=\"para_1\" class=\"para_31595746 resize\">\n<div class=\"texte access firstletter\">Trois corps sans vie de harragas ont \u00e9t\u00e9 rejet\u00e9s par la mer entre le jeudi dernier, et vendredi, sur les c\u00f4tes de Stidia et kaf lasfar .Dans l\u2019apr\u00e8s-midi du jeudi dernier, les unit\u00e9s des garde-c\u00f4tes ont d\u00e9couvert le corps d\u2019un jeune harrag qui \u00e9tait dans un \u00e9tat de d\u00e9composition avanc\u00e9e, \u00e0 deux miles au nord de la commune de Stidia (20 km \u00e0 l\u2019ouest de Mostaganem). Il s\u2019agit d\u2019un jeune homme \u00e2g\u00e9 d\u2019une trentaine d\u2019ann\u00e9es, d\u2019une identit\u00e9 inconnue. Hier vendredi, trois corps sans vie de trois autres harragas ont \u00e9t\u00e9 rejet\u00e9 par la mer, au niveau de la plage kaf Lasfar \u00e0 l\u2019est de la wilaya de \u00e0 60 km de Mostaganem. Les d\u00e9pouilles mortelles ont \u00e9t\u00e9 transf\u00e9r\u00e9es par les unit\u00e9s de la protection civile, vers les services de la morgue, pr\u00e8s de l\u2019h\u00f4pital de Mostaganem.<\/div>\n<\/div>\n<p>Auteur: Riad<br \/>\n<a href=\"https:\/\/www.reflexiondz.net\/A-STIDIA-ET-KAF-LASFAR-4-corps-sans-vie-de-harragas-rejetes-par-la-mer_a56097.html\">Cliquez ici pour lire l&rsquo;article depuis sa source.<\/a><\/p>\n","protected":false},"excerpt":{"rendered":"<p>Trois corps sans vie de harragas ont \u00e9t\u00e9 rejet\u00e9s par la mer entre le jeudi dernier, et vendredi, sur les c\u00f4tes de Stidia et kaf lasfar .Dans l\u2019apr\u00e8s-midi du jeudi dernier, les unit\u00e9s des garde-c\u00f4tes ont d\u00e9couvert le corps d\u2019un jeune harrag qui \u00e9tait dans un \u00e9tat de d\u00e9composition avanc\u00e9e, \u00e0 deux miles au nord [&hellip;]<\/p>\n","protected":false},"author":1740,"featured_media":0,"comment_status":"closed","ping_status":"closed","sticky":false,"template":"","format":"standard","meta":{"fifu_image_url":"","fifu_image_alt":"","footnotes":""},"categories":[53,76],"tags":[],"class_list":["post-39312","post","type-post","status-publish","format-standard","hentry","category-algerie","category-regions"],"_links":{"self":[{"href":"https:\/\/linitiative.ca\/International\/wp-json\/wp\/v2\/posts\/39312","targetHints":{"allow":["GET"]}}],"collection":[{"href":"https:\/\/linitiative.ca\/International\/wp-json\/wp\/v2\/posts"}],"about":[{"href":"https:\/\/linitiative.ca\/International\/wp-json\/wp\/v2\/types\/post"}],"author":[{"embeddable":true,"href":"https:\/\/linitiative.ca\/International\/wp-json\/wp\/v2\/users\/1740"}],"replies":[{"embeddable":true,"href":"https:\/\/linitiative.ca\/International\/wp-json\/wp\/v2\/comments?post=39312"}],"version-history":[{"count":0,"href":"https:\/\/linitiative.ca\/International\/wp-json\/wp\/v2\/posts\/39312\/revisions"}],"wp:attachment":[{"href":"https:\/\/linitiative.ca\/International\/wp-json\/wp\/v2\/media?parent=39312"}],"wp:term":[{"taxonomy":"category","embeddable":true,"href":"https:\/\/linitiative.ca\/International\/wp-json\/wp\/v2\/categories?post=39312"},{"taxonomy":"post_tag","embeddable":true,"href":"https:\/\/linitiative.ca\/International\/wp-json\/wp\/v2\/tags?post=39312"}],"curies":[{"name":"wp","href":"https:\/\/api.w.org\/{rel}","templated":true}]}}