{"id":39314,"date":"2019-06-07T12:15:00","date_gmt":"2019-06-07T16:15:00","guid":{"rendered":"https:\/\/linitiative.ca\/International\/6eme-session-ordinaire-de-lapc-doran-33-des-43-elus-demandent-le-depart-du-maire\/"},"modified":"2019-06-07T12:15:00","modified_gmt":"2019-06-07T16:15:00","slug":"6eme-session-ordinaire-de-lapc-doran-33-des-43-elus-demandent-le-depart-du-maire","status":"publish","type":"post","link":"https:\/\/linitiative.ca\/International\/6eme-session-ordinaire-de-lapc-doran-33-des-43-elus-demandent-le-depart-du-maire\/","title":{"rendered":"6EME SESSION ORDINAIRE DE L&rsquo;APC D&rsquo;ORAN : 33 des 43 \u00e9lus demandent le d\u00e9part du maire"},"content":{"rendered":"<p><br id=\"sep_para_1\" class=\"sep_para access\"\/><\/p>\n<div id=\"para_1\" class=\"para_31595727 resize\">\n<div class=\"texte access firstletter\">Comme nous l\u2019avons pr\u00e9c\u00e9demment annonc\u00e9, la 6\u00e8me session ordinaire\u00a0 qui a eu lieu\u00a0 lundi dernier\u00a0 en matin\u00e9e\u00a0 au si\u00e8ge du cabinet du maire, au boulevard de la Soumam , et \u00e0 la grande stup\u00e9faction de ceux qui ne s\u2019y attendaient pas, s\u2019est sold\u00e9e par\u00a0 un communiqu\u00e9 sign\u00e9 par 33 \u00e9lus sur 43 et adress\u00e9 au wali d&rsquo;Oran ,\u00a0 d\u00e9non\u00e7ant \u201cl\u2019irresponsabilit\u00e9 et le\u00a0 blocage de la mairie par le pr\u00e9sident de l\u2019APC , M.Boukhatem Nourredine \u00bb. A vrai dire, c&rsquo;est la session la plus courte\u00a0 dans l&rsquo;histoire de la commune d\u2019Oran, soit 03 minutes, la dur\u00e9e pour claquer la porte, en exigeant le d\u00e9part du maire, ont refus\u00e9 cat\u00e9goriquement de travailler avec lui. L\u2019ordre du jour devait consacrer des points d\u2019ordre social, notamment le budget li\u00e9 aux 6.000 dinars destin\u00e9s aux familles n\u00e9cessiteuses ainsi que la r\u00e9gularisation du statut des travailleurs de la commune. De suite, les 33 \u00e9lus, se sont lev\u00e9s pour remettre au secr\u00e9taire g\u00e9n\u00e9ral de l\u2019APC d\u2019Oran, une lettre destin\u00e9e au wali d\u2019Oran, demandant le d\u00e9part du maire Boukhatem Nourredine, issu du FLN, et annoncent par la m\u00eame occasion le gel de leurs activit\u00e9s au sein de l&rsquo;APC, jusqu&rsquo;\u00e0 l&rsquo;\u00e9lection d&rsquo;un nouveau pr\u00e9sident et d&rsquo;un nouvel ex\u00e9cutif communal. Les protestataires \u00e9noncent des\u00a0 griefs \u00e0 l&rsquo;encontre du maire, entre autres, la prise de d\u00e9cisions unilat\u00e9rales, le blocage du d\u00e9veloppement local et la d\u00e9l\u00e9gation pour la repr\u00e9sentation de la commune dans des commissions externes. Les frondeurs issus de 2 partis dont le FLN, fort\u00a0 et du RND comptent parmi eux d&rsquo;anciens membres de l&rsquo;ex\u00e9cutif communal. Selon les informations recueillies aupr\u00e8s des membres signataires, rappellent que depuis plus de 7 mois, rien n\u2019allait plus entre le maire d&rsquo;Oran et les \u00e9lus. D\u00e9courag\u00e9s par le travail fractionnel du maire et sa gestion qualifi\u00e9e de tous les termes \u00e0 savoir : \u2018\u2019 de si opaque, chaotique et oligarchique\u2019\u2019, les signataires du communiqu\u00e9 demandent ni plus ni moins le d\u00e9part imm\u00e9diat du P\/APC, M.Boukhatem Nourredine, point\u00e9 du doigt comme l\u2019unique responsable du marasme\u00a0 dans lequel se trouve de plus en plus la commune\u201d. Dans leur communiqu\u00e9, le P\/APC est interpell\u00e9 \u00e0 faire \u201cpreuve de civisme et de dignit\u00e9 en pr\u00e9sentant sa d\u00e9mission, dans l\u2019int\u00e9r\u00eat de la commune et des citoyens\u201d. Les \u00e9lus l\u2019accusent d\u2019avoir sem\u00e9 la discorde parmi les \u00e9lus et que les chefs de service et l\u2019ex\u00e9cutif, contribuent largement \u00e0 cette anarchie\u2019\u2019. Cette proc\u00e9dure envisag\u00e9e par les 33\u00a0 \u00e9lus de l&rsquo;opposition pour destituer le maire en poste a \u00e9t\u00e9 adopt\u00e9 car le nouveau code de la commune ne permet plus le retrait de confiance par voie de signature, c\u2019est donc au wali et \u00e0 la tutelle de prendre les dispositions qui s&rsquo;imposent en ce sens. Pour l&rsquo;heure, la situation au niveau de l\u2019ex\u00e9cutif communal, risque de connaitre un blocage qui pourrait avoir des cons\u00e9quences sur l&rsquo;avenir de cette importante municipalit\u00e9 qui n&rsquo;arrive plus \u00e0 se relever des crises intestinales qui la secoue au quotidien.<\/div>\n<\/div>\n<p>Auteur: Medjadji Habib<br \/>\n<a href=\"https:\/\/www.reflexiondz.net\/6EME-SESSION-ORDINAIRE-DE-L-APC-D-ORAN-33-des-43-elus-demandent-le-depart-du-maire_a56096.html\">Cliquez ici pour lire l&rsquo;article depuis sa source.<\/a><\/p>\n","protected":false},"excerpt":{"rendered":"<p>Comme nous l\u2019avons pr\u00e9c\u00e9demment annonc\u00e9, la 6\u00e8me session ordinaire\u00a0 qui a eu lieu\u00a0 lundi dernier\u00a0 en matin\u00e9e\u00a0 au si\u00e8ge du cabinet du maire, au boulevard de la Soumam , et \u00e0 la grande stup\u00e9faction de ceux qui ne s\u2019y attendaient pas, s\u2019est sold\u00e9e par\u00a0 un communiqu\u00e9 sign\u00e9 par 33 \u00e9lus sur 43 et adress\u00e9 au [&hellip;]<\/p>\n","protected":false},"author":1740,"featured_media":0,"comment_status":"closed","ping_status":"closed","sticky":false,"template":"","format":"standard","meta":{"fifu_image_url":"","fifu_image_alt":"","footnotes":""},"categories":[53,76],"tags":[],"class_list":["post-39314","post","type-post","status-publish","format-standard","hentry","category-algerie","category-regions"],"_links":{"self":[{"href":"https:\/\/linitiative.ca\/International\/wp-json\/wp\/v2\/posts\/39314","targetHints":{"allow":["GET"]}}],"collection":[{"href":"https:\/\/linitiative.ca\/International\/wp-json\/wp\/v2\/posts"}],"about":[{"href":"https:\/\/linitiative.ca\/International\/wp-json\/wp\/v2\/types\/post"}],"author":[{"embeddable":true,"href":"https:\/\/linitiative.ca\/International\/wp-json\/wp\/v2\/users\/1740"}],"replies":[{"embeddable":true,"href":"https:\/\/linitiative.ca\/International\/wp-json\/wp\/v2\/comments?post=39314"}],"version-history":[{"count":0,"href":"https:\/\/linitiative.ca\/International\/wp-json\/wp\/v2\/posts\/39314\/revisions"}],"wp:attachment":[{"href":"https:\/\/linitiative.ca\/International\/wp-json\/wp\/v2\/media?parent=39314"}],"wp:term":[{"taxonomy":"category","embeddable":true,"href":"https:\/\/linitiative.ca\/International\/wp-json\/wp\/v2\/categories?post=39314"},{"taxonomy":"post_tag","embeddable":true,"href":"https:\/\/linitiative.ca\/International\/wp-json\/wp\/v2\/tags?post=39314"}],"curies":[{"name":"wp","href":"https:\/\/api.w.org\/{rel}","templated":true}]}}