{"id":39316,"date":"2019-06-07T12:15:00","date_gmt":"2019-06-07T16:15:00","guid":{"rendered":"https:\/\/linitiative.ca\/International\/incendie-dun-restaurant-a-medina-djedida-un-pompier-sauve-deux-femmes-cernees-par-les-flammes\/"},"modified":"2019-06-07T12:15:00","modified_gmt":"2019-06-07T16:15:00","slug":"incendie-dun-restaurant-a-medina-djedida-un-pompier-sauve-deux-femmes-cernees-par-les-flammes","status":"publish","type":"post","link":"https:\/\/linitiative.ca\/International\/incendie-dun-restaurant-a-medina-djedida-un-pompier-sauve-deux-femmes-cernees-par-les-flammes\/","title":{"rendered":"INCENDIE D&rsquo;UN RESTAURANT A \u2018\u2019MEDINA DJEDIDA\u2019\u2019 : Un pompier sauve deux femmes cern\u00e9es par les flammes"},"content":{"rendered":"<p><br id=\"sep_para_1\" class=\"sep_para access\"\/><\/p>\n<div id=\"para_1\" class=\"para_31595721 resize\">\n<div class=\"texte access firstletter\">Les faits se sont d\u00e9roul\u00e9s jeudi dernier\u00a0 en matin\u00e9e\u00a0 aux environs de 11heures , lorsqu&rsquo;un incendie s&rsquo;est d\u00e9clar\u00e9 dans un restaurant au boulevard de l&rsquo;ind\u00e9pendance dans le quartier populeux de Medina Djeddida,\u00a0 aussit\u00f4t propager par les flammes du feu, le jeune Sahnoun Abdelkader, un agent de la protection civile d&rsquo;Oran en cong\u00e9 de r\u00e9cup\u00e9ration,\u00a0 pr\u00e9sent sur les lieux de l&rsquo;incendie , n&rsquo;a pas h\u00e9sit\u00e9 pour escalader \u00e0 mains nues la fa\u00e7ade d&rsquo;un immeuble\u00a0 de trois \u00e9tages pour porter secours aux familles qui \u00e9taient coinc\u00e9es \u00e0 l&rsquo;int\u00e9rieur de leurs appartements ,\u00a0 et\u00a0 a r\u00e9ussi difficilement\u00a0 \u00e0 les sauver, en les\u00a0 aidant \u00e0 monter par-dessus la rampe du balcon pour se diriger vers la fen\u00eatre ouverte de la mosqu\u00e9e\u00a0 adjacente , en attendant l\u2019arriv\u00e9e de la Protection civile. Sur les r\u00e9seaux sociaux qui ont\u00a0 rapport\u00e9 ce fait, il est d\u00e9j\u00e0 un h\u00e9ros. Vue par des milliers de personnes, une vid\u00e9o post\u00e9e sur facebook mais tourn\u00e9e \u00e0 l&rsquo;origine sur le site de l&rsquo;incendie montre cet\u00a0 impressionnant sauvetage. On y voit le jeune pompier\u00a0 se mettre \u00e0 escalader rapidement la fa\u00e7ade de l&rsquo;immeuble, \u00e0 mains nues, pour sauver les deux femmes qui \u00e9taient en danger dans leurs appartements du deuxi\u00e8me \u00e9tage. \u00ab\u00a0Quel courage&#8230; Bravo \u00e0 ce jeune pompier\u00a0 pour cet acte h\u00e9ro\u00efque\u00a0\u00bb, peut-on lire en dessous de la vid\u00e9o. Selon les informations recueillies aupr\u00e8s du voisinage, les \u00e9l\u00e9ments de la protection civile sont arriv\u00e9s un peu tard, apr\u00e8s le sauvetage. Aussit\u00f4t alert\u00e9s, le wali d\u2019Oran en compagnie du colonel de la protection civile de la wilaya d&rsquo;Oran se sont rendus sur les lieux pour superviser de visu l&rsquo;incident n&rsquo;ont pas manqu\u00e9s pour remercier le jeune Sahnoun Abdelkader, qui a risqu\u00e9 sa vie pour sauver ces deux femmes, et qui\u00a0 a \u00e9t\u00e9 promu sur place au grade sup\u00e9rieur pour sa distinction et le m\u00e9rite de son acte de courage.\u00a0 Selon un communiqu\u00e9 de ce corps, l&rsquo;incendie n&rsquo;a fait aucune perte de vie seulement quatre personnes, \u00e2g\u00e9es entre 40 et 60 ans, ont \u00e9t\u00e9 sauv\u00e9s apr\u00e8s avoir \u00e9t\u00e9 br\u00fbl\u00e9s au second degr\u00e9.<\/div>\n<\/div>\n<p>Auteur: Medjadji Habib<br \/>\n<a href=\"https:\/\/www.reflexiondz.net\/INCENDIE-D-UN-RESTAURANT-A-MEDINA-DJEDIDA-Un-pompier-sauve-deux-femmes-cernees-par-les-flammes_a56095.html\">Cliquez ici pour lire l&rsquo;article depuis sa source.<\/a><\/p>\n","protected":false},"excerpt":{"rendered":"<p>Les faits se sont d\u00e9roul\u00e9s jeudi dernier\u00a0 en matin\u00e9e\u00a0 aux environs de 11heures , lorsqu&rsquo;un incendie s&rsquo;est d\u00e9clar\u00e9 dans un restaurant au boulevard de l&rsquo;ind\u00e9pendance dans le quartier populeux de Medina Djeddida,\u00a0 aussit\u00f4t propager par les flammes du feu, le jeune Sahnoun Abdelkader, un agent de la protection civile d&rsquo;Oran en cong\u00e9 de r\u00e9cup\u00e9ration,\u00a0 pr\u00e9sent [&hellip;]<\/p>\n","protected":false},"author":1740,"featured_media":0,"comment_status":"closed","ping_status":"closed","sticky":false,"template":"","format":"standard","meta":{"fifu_image_url":"","fifu_image_alt":"","footnotes":""},"categories":[53,76],"tags":[],"class_list":["post-39316","post","type-post","status-publish","format-standard","hentry","category-algerie","category-regions"],"_links":{"self":[{"href":"https:\/\/linitiative.ca\/International\/wp-json\/wp\/v2\/posts\/39316","targetHints":{"allow":["GET"]}}],"collection":[{"href":"https:\/\/linitiative.ca\/International\/wp-json\/wp\/v2\/posts"}],"about":[{"href":"https:\/\/linitiative.ca\/International\/wp-json\/wp\/v2\/types\/post"}],"author":[{"embeddable":true,"href":"https:\/\/linitiative.ca\/International\/wp-json\/wp\/v2\/users\/1740"}],"replies":[{"embeddable":true,"href":"https:\/\/linitiative.ca\/International\/wp-json\/wp\/v2\/comments?post=39316"}],"version-history":[{"count":0,"href":"https:\/\/linitiative.ca\/International\/wp-json\/wp\/v2\/posts\/39316\/revisions"}],"wp:attachment":[{"href":"https:\/\/linitiative.ca\/International\/wp-json\/wp\/v2\/media?parent=39316"}],"wp:term":[{"taxonomy":"category","embeddable":true,"href":"https:\/\/linitiative.ca\/International\/wp-json\/wp\/v2\/categories?post=39316"},{"taxonomy":"post_tag","embeddable":true,"href":"https:\/\/linitiative.ca\/International\/wp-json\/wp\/v2\/tags?post=39316"}],"curies":[{"name":"wp","href":"https:\/\/api.w.org\/{rel}","templated":true}]}}