{"id":39317,"date":"2019-06-07T12:15:00","date_gmt":"2019-06-07T16:15:00","guid":{"rendered":"https:\/\/linitiative.ca\/International\/permanence-aux-jours-de-fete-mostaganem-encore-en-ville-morte\/"},"modified":"2019-06-07T12:15:00","modified_gmt":"2019-06-07T16:15:00","slug":"permanence-aux-jours-de-fete-mostaganem-encore-en-ville-morte","status":"publish","type":"post","link":"https:\/\/linitiative.ca\/International\/permanence-aux-jours-de-fete-mostaganem-encore-en-ville-morte\/","title":{"rendered":"PERMANENCE AUX JOURS DE FETE : Mostaganem, encore  en ville \u2018\u2019morte\u2019\u2019"},"content":{"rendered":"<p><br id=\"sep_para_1\" class=\"sep_para access\"\/><\/p>\n<div id=\"para_1\" class=\"para_31595749 resize\">\n<div class=\"texte access firstletter\">Comme \u00e0 l\u2019accoutum\u00e9e,\u00a0 et \u00e0 l\u2019exception de quelques rares vendeurs de jouets, tous les commerces de la ville de Sidi Sa\u00efd\u00a0 ont bel et bien gard\u00e9 leurs rideaux baiss\u00e9s. Les pharmacies, les \u00e9piceries des quartiers, les coiffeurs, les restaurants, les fast-foods, les boutiques, les march\u00e9s de fruits et l\u00e9gumes et m\u00eame l\u2019\u00e9crasante majorit\u00e9\u00a0 des caf\u00e9s\u00a0 n\u2019ont point respect\u00e9\u00a0 la permanence\u00a0 tant\u00a0 \u2018\u2019chant\u00e9\u2019\u2019 par les pouvoirs, ils \u00e9taient juste \u2018\u2019 une centaine\u2019\u2019, cens\u00e9s la faire, mais juste sur des bouts de papier\u00a0 \u00e0 la direction du commerce.\u00a0 La\u00a0 notion de service public que les pouvoirs publics ont tant voulu\u00a0 imposer, ne semble\u00a0 \u00eatre que du \u2018\u2019baratin\u2019\u2019 pour certains commer\u00e7ants\u00a0 qui, sous le pr\u00e9texte\u00a0 du manque de main d\u2019\u0153uvre en ces jours, ont pr\u00e9f\u00e9r\u00e9 ne point r\u00e9pondre\u00a0 aux instructions. A\u00a0 ce sujet, un citoyen accompagn\u00e9\u00a0 de son\u00a0 \u00e9pouse, \u00e0\u00a0 l\u2019attente d\u2019un incertain passage de bus ou d\u2019un taxi\u00a0 pour se d\u00e9placer\u00a0 en cette\u00a0 ville si triste en ce premier jour de f\u00eate ,d\u00e9clare qu\u2019il est temps\u00a0 de r\u00e9pondre\u00a0 aux besoins juste ordinaires des citoyens\u00a0 qui ont eu\u00a0 toutes les peines du monde \u00e0 \u2018\u2019survivre\u2019\u2019 en ces jours f\u00e9ri\u00e9s o\u00f9 le boulanger ferme\u00a0 sa boulangerie par manque\u00a0 d\u2019ouvriers, l\u2019\u00e9picier\u00a0 s\u2019excuse pour\u00a0 aller voir ses proches, le chauffeur de taxi ne se\u00a0 pointe pas aux arr\u00eats habituels, les bus\u00a0 n\u2019accostent plus sur les quais, les pharmaciens\u00a0 baissent les rideaux par manque de vendeurs, et \u00e9galement tous ceux cens\u00e9s\u00a0\u00a0 maintenir\u00a0 ce service public qui ne doit point cesser pour tant de raisons. Une telle situation\u00a0 si d\u00e9plorable, qui se r\u00e9p\u00e8te\u00a0 d\u2019une f\u00eate \u00e0 l\u2019autre\u00a0 remet s\u00e9rieusement en cause le tapage m\u00e9diatique \u2018\u2019orchestr\u00e9\u2019\u2019 par\u00a0 les pouvoirs publics, mais\u00a0 qui ne semble qu\u2019\u00eatre \u2018\u2019qu\u2019une poudre aux yeux\u2019\u2019 pour\u00a0 cerner cette probl\u00e9matique qui a tendance \u00e0 ne point prendre fin et \u00e0 perdurer\u00a0 sans\u00a0 la moindre solution. Ainsi, hormis certains magasins d\u2019alimentation g\u00e9n\u00e9rale, quelques boulangeries, des bureaux de tabacs et des vendeurs de jouets pour enfants, la majorit\u00e9 des commerces \u00e9taient clos, notamment la matin\u00e9e. Sur les terrasses des caf\u00e9t\u00e9rias qui grouillaient habituellement de clients, il n\u2019y avait ni chaises ni tables. Tout a \u00e9t\u00e9 rang\u00e9, en attendant le grand retour des clients \u00e0 partir de la semaine prochaine. Cependant, la p\u00e9nurie de pain et de lait s\u2019est fait, tout de m\u00eame, sentir et les Mostagan\u00e9mois\u00a0 ont d\u00fb jouer des coudes au niveau des boulangeries et locaux commerciaux pour s\u2019approvisionner en ces produits essentiels. S\u2019agissant du lait en sachet, il \u00e9tait quasiment introuvable. Les consommateurs n\u2019avaient d\u2019autre choix que de se rabattre sur le lait en pack ou en poudre. On n\u2019a pas d\u00e9rog\u00e9 \u00e0 la r\u00e8gle le premier jour de l\u2019A\u00efd El-Fitr. Les quelques commer\u00e7ants qui ont travaill\u00e9 n\u2019ont ouvert leurs magasins qu\u2019en fin de matin\u00e9e. Il faut dire que la plupart d\u2019entre eux sont rest\u00e9s ouverts toute la nuit de lundi \u00e0 mardi, jusqu\u2019\u00e0 l\u2019aube, et \u00e9coul\u00e9 tout le pain et le lait disponibles. La majorit\u00e9 des boulangers ont livr\u00e9 la totalit\u00e9 de leurs fourn\u00e9es directement aux magasins d\u2019alimentation g\u00e9n\u00e9rale, avant de fermer. Seules quelques boulangeries sont rest\u00e9es ouvertes jusqu\u2019\u00e0 la disparition de la derni\u00e8re baguette de pain. Il en est de m\u00eame pour le lait, produit introuvable sur les \u00e9tals, le dernier jour du Ramadhan. Une fr\u00e9n\u00e9sie justifi\u00e9e, \u00e9tant donn\u00e9 l&rsquo;attitude de certains commer\u00e7ants qui, cens\u00e9s assurer un service public \u00e0 la base, refusent de travailler les jours de f\u00eate. Reste \u00e0 savoir maintenant si les commer\u00e7ants contrevenants seront sanctionn\u00e9s, tel que le pr\u00e9voit la loi.<\/div>\n<\/div>\n<p>Auteur: Yacine Gana<br \/>\n<a href=\"https:\/\/www.reflexiondz.net\/PERMANENCE-AUX-JOURS-DE-FETE-Mostaganem-encore-en-ville-morte_a56098.html\">Cliquez ici pour lire l&rsquo;article depuis sa source.<\/a><\/p>\n","protected":false},"excerpt":{"rendered":"<p>Comme \u00e0 l\u2019accoutum\u00e9e,\u00a0 et \u00e0 l\u2019exception de quelques rares vendeurs de jouets, tous les commerces de la ville de Sidi Sa\u00efd\u00a0 ont bel et bien gard\u00e9 leurs rideaux baiss\u00e9s. Les pharmacies, les \u00e9piceries des quartiers, les coiffeurs, les restaurants, les fast-foods, les boutiques, les march\u00e9s de fruits et l\u00e9gumes et m\u00eame l\u2019\u00e9crasante majorit\u00e9\u00a0 des caf\u00e9s\u00a0 [&hellip;]<\/p>\n","protected":false},"author":1740,"featured_media":0,"comment_status":"closed","ping_status":"closed","sticky":false,"template":"","format":"standard","meta":{"fifu_image_url":"","fifu_image_alt":"","footnotes":""},"categories":[53,76],"tags":[],"class_list":["post-39317","post","type-post","status-publish","format-standard","hentry","category-algerie","category-regions"],"_links":{"self":[{"href":"https:\/\/linitiative.ca\/International\/wp-json\/wp\/v2\/posts\/39317","targetHints":{"allow":["GET"]}}],"collection":[{"href":"https:\/\/linitiative.ca\/International\/wp-json\/wp\/v2\/posts"}],"about":[{"href":"https:\/\/linitiative.ca\/International\/wp-json\/wp\/v2\/types\/post"}],"author":[{"embeddable":true,"href":"https:\/\/linitiative.ca\/International\/wp-json\/wp\/v2\/users\/1740"}],"replies":[{"embeddable":true,"href":"https:\/\/linitiative.ca\/International\/wp-json\/wp\/v2\/comments?post=39317"}],"version-history":[{"count":0,"href":"https:\/\/linitiative.ca\/International\/wp-json\/wp\/v2\/posts\/39317\/revisions"}],"wp:attachment":[{"href":"https:\/\/linitiative.ca\/International\/wp-json\/wp\/v2\/media?parent=39317"}],"wp:term":[{"taxonomy":"category","embeddable":true,"href":"https:\/\/linitiative.ca\/International\/wp-json\/wp\/v2\/categories?post=39317"},{"taxonomy":"post_tag","embeddable":true,"href":"https:\/\/linitiative.ca\/International\/wp-json\/wp\/v2\/tags?post=39317"}],"curies":[{"name":"wp","href":"https:\/\/api.w.org\/{rel}","templated":true}]}}