{"id":39318,"date":"2019-06-07T12:15:00","date_gmt":"2019-06-07T16:15:00","guid":{"rendered":"https:\/\/linitiative.ca\/International\/la-responsabilite-est-la-consequence-de-la-liberte\/"},"modified":"2019-06-07T12:15:00","modified_gmt":"2019-06-07T16:15:00","slug":"la-responsabilite-est-la-consequence-de-la-liberte","status":"publish","type":"post","link":"https:\/\/linitiative.ca\/International\/la-responsabilite-est-la-consequence-de-la-liberte\/","title":{"rendered":"La responsabilit\u00e9 est la cons\u00e9quence de la libert\u00e9"},"content":{"rendered":"<p><br id=\"sep_para_1\" class=\"sep_para access\"\/><\/p>\n<div id=\"para_1\" class=\"para_31595789 resize\">\n<div class=\"texte access firstletter\">\u2018\u2019Les agissements d\u2019une minorit\u00e9 ne doivent surtout pas complexer et t\u00e9taniser la majorit\u00e9. Au contraire, nous devons nous battre au quotidien pour pr\u00e9server la Maison. Nous devons apprendre des erreurs du pass\u00e9 afin de poser des m\u00e9canismes de gestion efficients et transparents. L\u2019Alg\u00e9rie traverse une crise \u00e9conomique dont nous ne connaissons, jusqu\u2019\u00e0 pr\u00e9sent, pas l\u2019ampleur vu l\u2019absence de donn\u00e9es r\u00e9elles. Cette crise, de nombreux chefs d\u2019entreprises, des femmes et des hommes, en ressentent les effets au quotidien. Il serait dangereux de les laisser lutter seuls, sans aide ni soutien. Une entreprise qui ferme ou qui g\u00e8le ses activit\u00e9s, c\u2019est de la richesse qui se perd et un manque \u00e0 gagner pour le Tr\u00e9sor public. C\u2019est surtout des emplois qui disparaissent. Des familles qui se retrouvent sans ressources. Nous devons tous prendre conscience de la situation actuelle : la nouvelle Alg\u00e9rie qui se construit doit se doter d\u2019institutions r\u00e9publicaines fortes et d\u2019une \u00e9conomie saine et structur\u00e9e \u00e0 la hauteur de l\u2019\u00e9norme potentiel de notre pays. Peut-on un seul instant imaginer construire un tissu \u00e9conomique dense, riche et diversifi\u00e9 en l\u2019absence des entreprises alg\u00e9riennes ? Nous ne sommes pas uniquement tenus de pr\u00e9server les entreprises existantes, nous devons \u00e9galement en cr\u00e9er des centaines de milliers. Le patronat est appel\u00e9 \u00e0 participer activement \u00e0 ce processus de d\u00e9veloppement. Il dispose des comp\u00e9tences et des moyens pour prendre part \u00e0 cette dynamique\u2019\u2019. C\u2019est le programme \u00e9lectoral FCE FORT (Force de proposition, Organis\u00e9, Reconnu et Transparent) de Sami Agli, qui dit-il, permettra de pr\u00e9server les acquis et de d\u00e9velopper l\u2019organisation patronale dans une d\u00e9marche inclusive et transparente. Un Forum des chefs d\u2019entreprise tourn\u00e9 vers le futur au sein duquel les d\u00e9cisions seront prises de fa\u00e7on totalement d\u00e9mocratique, loin de toute ing\u00e9rence de la sph\u00e8re politique.<\/div>\n<\/div>\n<p>Auteur: Ismain<br \/>\n<a href=\"https:\/\/www.reflexiondz.net\/La-responsabilite-est-la-consequence-de-la-liberte_a56102.html\">Cliquez ici pour lire l&rsquo;article depuis sa source.<\/a><\/p>\n","protected":false},"excerpt":{"rendered":"<p>\u2018\u2019Les agissements d\u2019une minorit\u00e9 ne doivent surtout pas complexer et t\u00e9taniser la majorit\u00e9. Au contraire, nous devons nous battre au quotidien pour pr\u00e9server la Maison. Nous devons apprendre des erreurs du pass\u00e9 afin de poser des m\u00e9canismes de gestion efficients et transparents. L\u2019Alg\u00e9rie traverse une crise \u00e9conomique dont nous ne connaissons, jusqu\u2019\u00e0 pr\u00e9sent, pas l\u2019ampleur [&hellip;]<\/p>\n","protected":false},"author":1740,"featured_media":0,"comment_status":"closed","ping_status":"closed","sticky":false,"template":"","format":"standard","meta":{"fifu_image_url":"","fifu_image_alt":"","footnotes":""},"categories":[53,76],"tags":[],"class_list":["post-39318","post","type-post","status-publish","format-standard","hentry","category-algerie","category-regions"],"_links":{"self":[{"href":"https:\/\/linitiative.ca\/International\/wp-json\/wp\/v2\/posts\/39318","targetHints":{"allow":["GET"]}}],"collection":[{"href":"https:\/\/linitiative.ca\/International\/wp-json\/wp\/v2\/posts"}],"about":[{"href":"https:\/\/linitiative.ca\/International\/wp-json\/wp\/v2\/types\/post"}],"author":[{"embeddable":true,"href":"https:\/\/linitiative.ca\/International\/wp-json\/wp\/v2\/users\/1740"}],"replies":[{"embeddable":true,"href":"https:\/\/linitiative.ca\/International\/wp-json\/wp\/v2\/comments?post=39318"}],"version-history":[{"count":0,"href":"https:\/\/linitiative.ca\/International\/wp-json\/wp\/v2\/posts\/39318\/revisions"}],"wp:attachment":[{"href":"https:\/\/linitiative.ca\/International\/wp-json\/wp\/v2\/media?parent=39318"}],"wp:term":[{"taxonomy":"category","embeddable":true,"href":"https:\/\/linitiative.ca\/International\/wp-json\/wp\/v2\/categories?post=39318"},{"taxonomy":"post_tag","embeddable":true,"href":"https:\/\/linitiative.ca\/International\/wp-json\/wp\/v2\/tags?post=39318"}],"curies":[{"name":"wp","href":"https:\/\/api.w.org\/{rel}","templated":true}]}}