{"id":39320,"date":"2019-06-07T12:15:00","date_gmt":"2019-06-07T16:15:00","guid":{"rendered":"https:\/\/linitiative.ca\/International\/16e-vendredi-du-mouvement-populaire-les-manifestants-mettent-la-pression-sur-les-decideurs\/"},"modified":"2019-06-07T12:15:00","modified_gmt":"2019-06-07T16:15:00","slug":"16e-vendredi-du-mouvement-populaire-les-manifestants-mettent-la-pression-sur-les-decideurs","status":"publish","type":"post","link":"https:\/\/linitiative.ca\/International\/16e-vendredi-du-mouvement-populaire-les-manifestants-mettent-la-pression-sur-les-decideurs\/","title":{"rendered":"16E VENDREDI DU MOUVEMENT POPULAIRE : Les manifestants mettent la pression sur les d\u00e9cideurs"},"content":{"rendered":"<p><br id=\"sep_para_1\" class=\"sep_para access\"\/><\/p>\n<div id=\"para_1\" class=\"para_31595776 resize\">\n<div class=\"texte access firstletter\">En effet, ce vendredi, le premier apr\u00e8s la fin du mois de Ramadhan et apr\u00e8s l&rsquo;annulation du scrutin du 4 juillet faute de candidats, les Alg\u00e9riens resteront mobilis\u00e9s jusqu\u2019au d\u00e9part des\u00a0 \u00abtrois B\u00bb et de tous les symboles du syst\u00e8me \u00e0 l\u2019origine de la crise que traverse le pays. Le 16e vendredi cons\u00e9cutif de manifestations populaires contre le syst\u00e8me politique, intervient juste apr\u00e8s la d\u00e9cision d\u2019annuler l\u2019\u00e9lection pr\u00e9sidentielle du 4 juillet prochain, et la fin du mois du ramadhan durant lequel je\u00fbne et fatigue se sont accumul\u00e9s. La d\u00e9monstration de force de la population durant le mois \u00e9prouvant du je\u00fbne, o\u00f9 des millions d\u2019Alg\u00e9riens ont brav\u00e9 soif et chaleur d\u00e9passant les 30 degr\u00e9s, sont sortis pour dire \u00abnon \u00e0 l\u2019\u00e9lection du 4 juillet\u00bb et clam\u00e9s le d\u00e9part imm\u00e9diat des symboles de \u00abl\u2019\u00e8re Bouteflika\u00bb, \u00e0 savoir, le chef de l\u2019Etat par int\u00e9rim Abdelkader Bensalah et de l\u2019Ex\u00e9cutif Nourredine Bedoui. Ainsi que l\u2019av\u00e8nement d\u2019un Etat civil, sont une preuve de leur prise de conscience de l\u2019enjeu actuel. Les manifestations des \u00e9tudiants du 29 mai dernier, r\u00e9v\u00e8lent l\u2019intensit\u00e9 de la mobilisation populaire d\u2019aller jusqu\u2019au bout et arracher de nouveaux acquis d\u00e9mocratiques. Il est vrai que l\u2019annulation de la pr\u00e9sidentielle largement rejet\u00e9e par le peuple, repr\u00e9sente une victoire suppl\u00e9mentaire pour la mobilisation populaire contre le pouvoir depuis le 22 f\u00e9vrier dernier. Un nouvel acquis pour un changement radical du syst\u00e8me, apr\u00e8s la mise en d\u00e9tention provisoire le samedi 4 mai, de Sa\u00efd Bouteflika, le fr\u00e8re de l\u2019ex-pr\u00e9sident, du g\u00e9n\u00e9ral Mohamed M\u00e9di\u00e8ne alias \u00abToufik\u00bb et Athmane Tartag, deux anciens hauts responsables des services de renseignement, pour \u00abatteinte \u00e0 l\u2019autorit\u00e9 de l\u2019arm\u00e9e\u00bb et \u00abcomplot contre l\u2019autorit\u00e9 de l\u2019Etat\u00bb. Ainsi que l\u2019arrestation de plusieurs hommes d\u2019affaires et l\u2019ouverture par le parquet d\u2019Alger de plusieurs enqu\u00eates contre des hauts repr\u00e9sentants de l\u2019Etat. Des d\u00e9cisions favorablement accueillies par les Alg\u00e9riens et la classe politique. Cependant, les manifestants ne comptent pas rester l\u00e0 et se contenter des actions engag\u00e9es par la justice dans le cadre de la lutte contre la corruption. Ils restent droits dans leurs bottes jusqu\u2019\u00e0 la satisfaction et l\u2019aboutissement de leurs revendications.<\/div>\n<\/div>\n<p>Auteur: Ismain<br \/>\n<a href=\"https:\/\/www.reflexiondz.net\/16E-VENDREDI-DU-MOUVEMENT-POPULAIRE-Les-manifestants-mettent-la-pression-sur-les-decideurs_a56100.html\">Cliquez ici pour lire l&rsquo;article depuis sa source.<\/a><\/p>\n","protected":false},"excerpt":{"rendered":"<p>En effet, ce vendredi, le premier apr\u00e8s la fin du mois de Ramadhan et apr\u00e8s l&rsquo;annulation du scrutin du 4 juillet faute de candidats, les Alg\u00e9riens resteront mobilis\u00e9s jusqu\u2019au d\u00e9part des\u00a0 \u00abtrois B\u00bb et de tous les symboles du syst\u00e8me \u00e0 l\u2019origine de la crise que traverse le pays. Le 16e vendredi cons\u00e9cutif de manifestations [&hellip;]<\/p>\n","protected":false},"author":1740,"featured_media":0,"comment_status":"closed","ping_status":"closed","sticky":false,"template":"","format":"standard","meta":{"fifu_image_url":"","fifu_image_alt":"","footnotes":""},"categories":[53,76],"tags":[],"class_list":["post-39320","post","type-post","status-publish","format-standard","hentry","category-algerie","category-regions"],"_links":{"self":[{"href":"https:\/\/linitiative.ca\/International\/wp-json\/wp\/v2\/posts\/39320","targetHints":{"allow":["GET"]}}],"collection":[{"href":"https:\/\/linitiative.ca\/International\/wp-json\/wp\/v2\/posts"}],"about":[{"href":"https:\/\/linitiative.ca\/International\/wp-json\/wp\/v2\/types\/post"}],"author":[{"embeddable":true,"href":"https:\/\/linitiative.ca\/International\/wp-json\/wp\/v2\/users\/1740"}],"replies":[{"embeddable":true,"href":"https:\/\/linitiative.ca\/International\/wp-json\/wp\/v2\/comments?post=39320"}],"version-history":[{"count":0,"href":"https:\/\/linitiative.ca\/International\/wp-json\/wp\/v2\/posts\/39320\/revisions"}],"wp:attachment":[{"href":"https:\/\/linitiative.ca\/International\/wp-json\/wp\/v2\/media?parent=39320"}],"wp:term":[{"taxonomy":"category","embeddable":true,"href":"https:\/\/linitiative.ca\/International\/wp-json\/wp\/v2\/categories?post=39320"},{"taxonomy":"post_tag","embeddable":true,"href":"https:\/\/linitiative.ca\/International\/wp-json\/wp\/v2\/tags?post=39320"}],"curies":[{"name":"wp","href":"https:\/\/api.w.org\/{rel}","templated":true}]}}