{"id":39327,"date":"2019-06-07T13:38:05","date_gmt":"2019-06-07T17:38:05","guid":{"rendered":"https:\/\/linitiative.ca\/International\/retour-a-lheure-legale-au-maroc\/"},"modified":"2019-06-07T13:38:05","modified_gmt":"2019-06-07T17:38:05","slug":"retour-a-lheure-legale-au-maroc","status":"publish","type":"post","link":"https:\/\/linitiative.ca\/International\/retour-a-lheure-legale-au-maroc\/","title":{"rendered":"Retour \u00e0 l\u2019heure l\u00e9gale au Maroc"},"content":{"rendered":"<p>Le Maroc repasse \u00e0 l\u2019heure GMT+1 \u00e0 partir de ce dimanche 9 juin 2019 \u00e0 deux heures du matin, a annonc\u00e9 le minist\u00e8re charg\u00e9 de la R\u00e9forme de l\u2019administration et de la Fonction publique.<\/p>\n<div class=\"c10\"\/>\n<p>Durant le mois sacr\u00e9 de Ramadan, le Maroc est revenu \u00e0 GMT tout court afin de s\u2019adapter aux conditions du je\u00fbne durant cette p\u00e9riode de l\u2019ann\u00e9e o\u00f9 le mercure a souvent enregistr\u00e9 des temp\u00e9ratures peu supportables.<\/p>\n<p>Selon le gouvernement, le passage \u00e0 GMT+1 permettrait d\u2019\u00e9conomiser 24,8 millions de dollars (240 millions de dirhams) de facture \u00e9nerg\u00e9tique. Ainsi que d\u2019apr\u00e8s le ministre charg\u00e9 de la R\u00e9forme de l\u2019Administration et de la Fonction publique, Mohamed Benabdekader, une \u00e9tude a montr\u00e9 que l\u2019application permanente et durable de l\u2019heure GMT+1 au Maroc \u00a0\u00bb n\u2019a aucun impact n\u00e9gatif \u00a0\u00bb sur le v\u00e9cu du citoyen et sur l\u2019\u00e9conomie du pays, se r\u00e9f\u00e9rant \u00e0 une \u00e9tude lanc\u00e9e \u00e0 cet \u00e9gard pour mesurer les effets de l\u2019heure d\u2019\u00e9t\u00e9 sur le comportement et le v\u00e9cu des citoyens.<\/p>\n<p>Rappelons que jusqu\u2019\u00e0 maintenant le Maroc adoptait l\u2019horaire d\u2019\u00e9t\u00e9 \u00e0 dates fixes chaque ann\u00e9e \u00e0 partir du dernier dimanche du mois de mars jusqu\u2019au dernier dimanche d\u2019octobre, \u00e0 l\u2019exception du mois de Ramadan. Durant le mois sacr\u00e9 de Ramadan, le royaume a deux heures de diff\u00e9rence avec ses principaux partenaires europ\u00e9ens.<\/p>\n<p>N\u2019oubliez pas de r\u00e9gler vos montres!<\/p>\n<div class=\"c17\">\n<fieldset class=\"c16\">\n<legend><strong><span class=\"c11\">Challenge<\/span><span class=\"c12\">news<\/span><\/strong><\/legend>\n<div class=\"c15\">Le meilleur de la r\u00e9daction s\u00e9lectionn\u00e9 par Challenge :<\/p>\n<\/div>\n<\/fieldset>\n<\/div>\n<p>Auteur: Hajar DARI<br \/>\n<a href=\"https:\/\/www.challenge.ma\/retour-a-lheure-legale-au-maroc-110402\/\">Cliquez ici pour lire l&rsquo;article depuis sa source.<\/a><\/p>\n","protected":false},"excerpt":{"rendered":"<p>Le Maroc repasse \u00e0 l\u2019heure GMT+1 \u00e0 partir de ce dimanche 9 juin 2019 \u00e0 deux heures du matin, a annonc\u00e9 le minist\u00e8re charg\u00e9 de la R\u00e9forme de l\u2019administration et de la Fonction publique. Durant le mois sacr\u00e9 de Ramadan, le Maroc est revenu \u00e0 GMT tout court afin de s\u2019adapter aux conditions du je\u00fbne [&hellip;]<\/p>\n","protected":false},"author":1787,"featured_media":0,"comment_status":"closed","ping_status":"closed","sticky":false,"template":"","format":"standard","meta":{"fifu_image_url":"","fifu_image_alt":"","footnotes":""},"categories":[78,54],"tags":[],"class_list":["post-39327","post","type-post","status-publish","format-standard","hentry","category-economie","category-maroc"],"_links":{"self":[{"href":"https:\/\/linitiative.ca\/International\/wp-json\/wp\/v2\/posts\/39327","targetHints":{"allow":["GET"]}}],"collection":[{"href":"https:\/\/linitiative.ca\/International\/wp-json\/wp\/v2\/posts"}],"about":[{"href":"https:\/\/linitiative.ca\/International\/wp-json\/wp\/v2\/types\/post"}],"author":[{"embeddable":true,"href":"https:\/\/linitiative.ca\/International\/wp-json\/wp\/v2\/users\/1787"}],"replies":[{"embeddable":true,"href":"https:\/\/linitiative.ca\/International\/wp-json\/wp\/v2\/comments?post=39327"}],"version-history":[{"count":0,"href":"https:\/\/linitiative.ca\/International\/wp-json\/wp\/v2\/posts\/39327\/revisions"}],"wp:attachment":[{"href":"https:\/\/linitiative.ca\/International\/wp-json\/wp\/v2\/media?parent=39327"}],"wp:term":[{"taxonomy":"category","embeddable":true,"href":"https:\/\/linitiative.ca\/International\/wp-json\/wp\/v2\/categories?post=39327"},{"taxonomy":"post_tag","embeddable":true,"href":"https:\/\/linitiative.ca\/International\/wp-json\/wp\/v2\/tags?post=39327"}],"curies":[{"name":"wp","href":"https:\/\/api.w.org\/{rel}","templated":true}]}}