{"id":39333,"date":"2019-06-07T14:08:37","date_gmt":"2019-06-07T18:08:37","guid":{"rendered":"https:\/\/linitiative.ca\/International\/suede-une-explosion-souffle-deux-immeubles-dans-la-ville-de-linkoping\/"},"modified":"2019-06-07T14:08:37","modified_gmt":"2019-06-07T18:08:37","slug":"suede-une-explosion-souffle-deux-immeubles-dans-la-ville-de-linkoping","status":"publish","type":"post","link":"https:\/\/linitiative.ca\/International\/suede-une-explosion-souffle-deux-immeubles-dans-la-ville-de-linkoping\/","title":{"rendered":"Su\u00e8de\u00a0: Une explosion souffle deux immeubles dans la ville de Link\u00f6ping"},"content":{"rendered":"<div class=\"post-cont-in left relative\">\n<div class=\"swp_social_panel swp_horizontal_panel swp_flat_fresh swp_default_full_color swp_individual_full_color swp_other_full_color scale-100 scale-\" data-min-width=\"1100\" data-float-color=\"#ffffff\" data-float=\"none\" data-float-mobile=\"none\" data-transition=\"slide\">\n<div class=\"nc_tweetContainer swp_share_button total_shares total_sharesalt\"><span class=\"swp_count\">13 <span class=\"swp_label\">Partages<\/span><\/span><\/div>\n<\/div>\n<p>Une violente explosion a eu lieu ce vendredi, 7 juin\u00a0\u00e0 9 heures, dans un immeuble collectif d\u2019habitations \u00e0 Link\u00f6ping en Su\u00e8de, \u00e0 200 kilom\u00e8tres de Stockholm. Selon les premi\u00e8res images disponibles sur Internet, deux fa\u00e7ades d\u2019immeubles\u00a0semblent \u00eatre lourdement endommag\u00e9es par cette d\u00e9flagration dont l\u2019origine est pour le moment inconnue. Au moins 25 personnes ont \u00e9t\u00e9 bless\u00e9es.<\/p>\n<p>Selon un t\u00e9moin, cit\u00e9 par le journal\u00a0Aftonbladet, l\u2019explosion a \u00e9t\u00e9 tr\u00e8s violente et les forces de l\u2019ordre sont rapidement arriv\u00e9es en nombre.<\/p>\n<div class=\"code-block code-block-1 c3\"><ins class=\"adsbygoogle c2\" data-ad-layout=\"in-article\" data-ad-format=\"fluid\" data-ad-client=\"ca-pub-2102118777505746\" data-ad-slot=\"7301775417\"\/> <\/div>\n<p>Selon un porte-parole de la police locale, la piste criminelle est actuellement envisag\u00e9e, mais l\u2019accident n\u2019est pas exclu. Le gestionnaire des immeubles concern\u00e9s a cependant fait savoir que la propri\u00e9t\u00e9 n\u2019est pas connect\u00e9e au gaz de ville.<\/p>\n<p><img loading=\"lazy\" decoding=\"async\" class=\"aligncenter size-full wp-image-439544\" src=\"https:\/\/www.tunisienumerique.com\/wp-content\/uploads\/2019\/06\/suede2.jpg\" alt=\"\" width=\"676\" height=\"508\" srcset=\"https:\/\/www.tunisienumerique.com\/wp-content\/uploads\/2019\/06\/suede2.jpg 676w, https:\/\/www.tunisienumerique.com\/wp-content\/uploads\/2019\/06\/suede2-600x451.jpg 600w\" sizes=\"auto, (max-width: 676px) 100vw, 676px\"\/><\/p>\n<p><img loading=\"lazy\" decoding=\"async\" class=\"aligncenter wp-image-439545\" src=\"https:\/\/www.tunisienumerique.com\/wp-content\/uploads\/2019\/06\/suede-3.jpg\" alt=\"\" width=\"677\" height=\"449\" srcset=\"https:\/\/www.tunisienumerique.com\/wp-content\/uploads\/2019\/06\/suede-3.jpg 765w, https:\/\/www.tunisienumerique.com\/wp-content\/uploads\/2019\/06\/suede-3-600x398.jpg 600w\" sizes=\"auto, (max-width: 677px) 100vw, 677px\"\/><\/p>\n<div class=\"mvp-org-wrap mvp-org-logo\" itemprop=\"publisher\" itemscope=\"\" itemtype=\"https:\/\/schema.org\/Organization\"><img decoding=\"async\" src=\"https:\/\/www.tunisienumerique.com\/wp-content\/uploads\/2017\/02\/logo_tunisie_numerique.png\"\/><\/div>\n<div class=\"swp_social_panel swp_horizontal_panel swp_flat_fresh swp_default_full_color swp_individual_full_color swp_other_full_color scale-100 scale-\" data-min-width=\"1100\" data-float-color=\"#ffffff\" data-float=\"none\" data-float-mobile=\"none\" data-transition=\"slide\">\n<div class=\"nc_tweetContainer swp_share_button total_shares total_sharesalt\"><span class=\"swp_count\">13 <span class=\"swp_label\">Partages<\/span><\/span><\/div>\n<\/div>\n<div class=\"mvp-related-posts left relative\">\n<h4 class=\"post-header\"><span class=\"post-header\">Lire aussi<\/span><\/h4>\n<\/div>\n<\/div>\n<p>Auteur: LM<br \/>\n<a href=\"https:\/\/www.tunisienumerique.com\/suede-une-explosion-souffle-deux-immeubles-dans-la-ville-de-linkoping\/\">Cliquez ici pour lire l&rsquo;article depuis sa source.<\/a><\/p>\n","protected":false},"excerpt":{"rendered":"<p>13 Partages Une violente explosion a eu lieu ce vendredi, 7 juin\u00a0\u00e0 9 heures, dans un immeuble collectif d\u2019habitations \u00e0 Link\u00f6ping en Su\u00e8de, \u00e0 200 kilom\u00e8tres de Stockholm. Selon les premi\u00e8res images disponibles sur Internet, deux fa\u00e7ades d\u2019immeubles\u00a0semblent \u00eatre lourdement endommag\u00e9es par cette d\u00e9flagration dont l\u2019origine est pour le moment inconnue. Au moins 25 personnes [&hellip;]<\/p>\n","protected":false},"author":1789,"featured_media":39334,"comment_status":"closed","ping_status":"closed","sticky":false,"template":"","format":"standard","meta":{"fifu_image_url":"","fifu_image_alt":"","footnotes":""},"categories":[73,55],"tags":[],"class_list":["post-39333","post","type-post","status-publish","format-standard","has-post-thumbnail","hentry","category-actualite","category-tunisie"],"_links":{"self":[{"href":"https:\/\/linitiative.ca\/International\/wp-json\/wp\/v2\/posts\/39333","targetHints":{"allow":["GET"]}}],"collection":[{"href":"https:\/\/linitiative.ca\/International\/wp-json\/wp\/v2\/posts"}],"about":[{"href":"https:\/\/linitiative.ca\/International\/wp-json\/wp\/v2\/types\/post"}],"author":[{"embeddable":true,"href":"https:\/\/linitiative.ca\/International\/wp-json\/wp\/v2\/users\/1789"}],"replies":[{"embeddable":true,"href":"https:\/\/linitiative.ca\/International\/wp-json\/wp\/v2\/comments?post=39333"}],"version-history":[{"count":0,"href":"https:\/\/linitiative.ca\/International\/wp-json\/wp\/v2\/posts\/39333\/revisions"}],"wp:featuredmedia":[{"embeddable":true,"href":"https:\/\/linitiative.ca\/International\/wp-json\/"}],"wp:attachment":[{"href":"https:\/\/linitiative.ca\/International\/wp-json\/wp\/v2\/media?parent=39333"}],"wp:term":[{"taxonomy":"category","embeddable":true,"href":"https:\/\/linitiative.ca\/International\/wp-json\/wp\/v2\/categories?post=39333"},{"taxonomy":"post_tag","embeddable":true,"href":"https:\/\/linitiative.ca\/International\/wp-json\/wp\/v2\/tags?post=39333"}],"curies":[{"name":"wp","href":"https:\/\/api.w.org\/{rel}","templated":true}]}}