{"id":39335,"date":"2019-06-07T14:29:25","date_gmt":"2019-06-07T18:29:25","guid":{"rendered":"https:\/\/linitiative.ca\/International\/tunisie-le-bilan-des-accidents-de-la-route-pendant-les-vacances-de-laid\/"},"modified":"2019-06-07T14:29:25","modified_gmt":"2019-06-07T18:29:25","slug":"tunisie-le-bilan-des-accidents-de-la-route-pendant-les-vacances-de-laid","status":"publish","type":"post","link":"https:\/\/linitiative.ca\/International\/tunisie-le-bilan-des-accidents-de-la-route-pendant-les-vacances-de-laid\/","title":{"rendered":"Tunisie \u2013 Le bilan des accidents de la route pendant les vacances de l\u2019A\u00efd"},"content":{"rendered":"<div class=\"post-cont-in left relative\">\n<div class=\"swp_social_panel swp_horizontal_panel swp_flat_fresh swp_default_full_color swp_individual_full_color swp_other_full_color scale-100 scale-\" data-min-width=\"1100\" data-float-color=\"#ffffff\" data-float=\"none\" data-float-mobile=\"none\" data-transition=\"slide\">\n<div class=\"nc_tweetContainer swp_share_button total_shares total_sharesalt\"><span class=\"swp_count\">7 <span class=\"swp_label\">Partages<\/span><\/span><\/div>\n<\/div>\n<p>L\u2019observatoire national de la s\u00e9curit\u00e9 routi\u00e8re a diffus\u00e9 ce vendredi, dans un communiqu\u00e9, le bilan des accidents de la route, enregistr\u00e9s durant les vacances de l\u2019A\u00efd, soit les 4, 5 et 6 juin.<\/p>\n<p>Le nombre d\u2019accidents s\u2019est \u00e9lev\u00e9 \u00e0 22 accidents ayant caus\u00e9 le d\u00e9c\u00e8s de 7 personnes et des blessures\u00a0\u00e0 32 autres.<\/p>\n<div class=\"code-block code-block-1 c3\"><ins class=\"adsbygoogle c2\" data-ad-layout=\"in-article\" data-ad-format=\"fluid\" data-ad-client=\"ca-pub-2102118777505746\" data-ad-slot=\"7301775417\"\/> <\/div>\n<p>Ce bilan est, en net recul par rapport \u00e0 celui de l\u2019ann\u00e9e derni\u00e8re,\u00a0o\u00f9 on a enregistr\u00e9 31 accidents, avec 14 d\u00e9c\u00e8s et 68 bless\u00e9s.<\/p>\n<div class=\"mvp-org-wrap mvp-org-logo\" itemprop=\"publisher\" itemscope=\"\" itemtype=\"https:\/\/schema.org\/Organization\"><img decoding=\"async\" src=\"https:\/\/www.tunisienumerique.com\/wp-content\/uploads\/2017\/02\/logo_tunisie_numerique.png\"\/><\/div>\n<div class=\"swp_social_panel swp_horizontal_panel swp_flat_fresh swp_default_full_color swp_individual_full_color swp_other_full_color scale-100 scale-\" data-min-width=\"1100\" data-float-color=\"#ffffff\" data-float=\"none\" data-float-mobile=\"none\" data-transition=\"slide\">\n<div class=\"nc_tweetContainer swp_share_button total_shares total_sharesalt\"><span class=\"swp_count\">7 <span class=\"swp_label\">Partages<\/span><\/span><\/div>\n<\/div>\n<div class=\"mvp-related-posts left relative\">\n<h4 class=\"post-header\"><span class=\"post-header\">Lire aussi<\/span><\/h4>\n<\/div>\n<\/div>\n<p>Auteur: LM<br \/>\n<a href=\"https:\/\/www.tunisienumerique.com\/tunisie-le-bilan-des-accidents-de-la-route-pendant-les-vacances-de-laid\/\">Cliquez ici pour lire l&rsquo;article depuis sa source.<\/a><\/p>\n","protected":false},"excerpt":{"rendered":"<p>7 Partages L\u2019observatoire national de la s\u00e9curit\u00e9 routi\u00e8re a diffus\u00e9 ce vendredi, dans un communiqu\u00e9, le bilan des accidents de la route, enregistr\u00e9s durant les vacances de l\u2019A\u00efd, soit les 4, 5 et 6 juin. Le nombre d\u2019accidents s\u2019est \u00e9lev\u00e9 \u00e0 22 accidents ayant caus\u00e9 le d\u00e9c\u00e8s de 7 personnes et des blessures\u00a0\u00e0 32 autres. [&hellip;]<\/p>\n","protected":false},"author":1789,"featured_media":39336,"comment_status":"closed","ping_status":"closed","sticky":false,"template":"","format":"standard","meta":{"fifu_image_url":"","fifu_image_alt":"","footnotes":""},"categories":[73,55],"tags":[],"class_list":["post-39335","post","type-post","status-publish","format-standard","has-post-thumbnail","hentry","category-actualite","category-tunisie"],"_links":{"self":[{"href":"https:\/\/linitiative.ca\/International\/wp-json\/wp\/v2\/posts\/39335","targetHints":{"allow":["GET"]}}],"collection":[{"href":"https:\/\/linitiative.ca\/International\/wp-json\/wp\/v2\/posts"}],"about":[{"href":"https:\/\/linitiative.ca\/International\/wp-json\/wp\/v2\/types\/post"}],"author":[{"embeddable":true,"href":"https:\/\/linitiative.ca\/International\/wp-json\/wp\/v2\/users\/1789"}],"replies":[{"embeddable":true,"href":"https:\/\/linitiative.ca\/International\/wp-json\/wp\/v2\/comments?post=39335"}],"version-history":[{"count":0,"href":"https:\/\/linitiative.ca\/International\/wp-json\/wp\/v2\/posts\/39335\/revisions"}],"wp:featuredmedia":[{"embeddable":true,"href":"https:\/\/linitiative.ca\/International\/wp-json\/"}],"wp:attachment":[{"href":"https:\/\/linitiative.ca\/International\/wp-json\/wp\/v2\/media?parent=39335"}],"wp:term":[{"taxonomy":"category","embeddable":true,"href":"https:\/\/linitiative.ca\/International\/wp-json\/wp\/v2\/categories?post=39335"},{"taxonomy":"post_tag","embeddable":true,"href":"https:\/\/linitiative.ca\/International\/wp-json\/wp\/v2\/tags?post=39335"}],"curies":[{"name":"wp","href":"https:\/\/api.w.org\/{rel}","templated":true}]}}