{"id":39378,"date":"2019-06-07T14:12:58","date_gmt":"2019-06-07T18:12:58","guid":{"rendered":"https:\/\/linitiative.ca\/International\/le-gouvernement-echoue-a-ramener-la-pauvrete-de-40-a-28\/"},"modified":"2019-06-07T14:12:58","modified_gmt":"2019-06-07T18:12:58","slug":"le-gouvernement-echoue-a-ramener-la-pauvrete-de-40-a-28","status":"publish","type":"post","link":"https:\/\/linitiative.ca\/International\/le-gouvernement-echoue-a-ramener-la-pauvrete-de-40-a-28\/","title":{"rendered":"Le gouvernement \u00e9choue \u00e0 ramener la pauvret\u00e9 de 40 \u00e0  28%"},"content":{"rendered":"<p>Le gouvernement de la R\u00e9publique s\u2019\u00e9tait fix\u00e9 l\u2019objectif pour le moins gargantuesque de ramener le taux de pauvret\u00e9 de 40% de la population camerounaise en 2010 \u00e0 28,7% en 2020. A la veille de cette \u00e9ch\u00e9ance, les chiffres officiels disponibles rendent compte d\u2019un \u00e9chec cuisant de cet objectif contenu dans le Document de strat\u00e9gie pour la croissance et l\u2019emploi (<strong>Dsce<\/strong>) : 37% des habitants du Cameroun, soit plus de <strong>8 millions de personnes<\/strong>, vivent toujours sous le seuil de pauvret\u00e9 (avec moins de <strong>1,90 dollars par jour<\/strong>, soit environ <strong>1000 Fcfa<\/strong>), selon une \u00e9tude publi\u00e9e il y a deux ans par la coordination du syst\u00e8me des\u00a0 Nations unies au Cameroun. La quatri\u00e8me Enqu\u00eate camerounaise aupr\u00e8s des m\u00e9nages (<strong>Ecam 4<\/strong>) r\u00e9alis\u00e9e par l\u2019Institut national de la statistique (<strong>Ins<\/strong>) et publi\u00e9e il y a un an, elle, \u00e9tablit qu\u2019entre 2001 et 2014, l\u2019incidence de la pauvret\u00e9 n\u2019a recul\u00e9 que de <strong>2,7 points<\/strong>, passant de 40,2% \u00e0 37,5%. \u00ab <em>Selon l\u2019approche subjective, qui refl\u00e8te la perception que chaque individu a de sa propre situation comparativement aux autres, 56,8% de chefs de m\u00e9nage se consid\u00e8rent pauvres ou tr\u00e8s pauvres<\/em> \u00bb, rel\u00e8ve l\u2019enqu\u00eate.<\/p>\n<p>Laquelle ne manque pas d\u2019attirer l\u2019attention sur \u00ab <em>l\u2019aggravation des in\u00e9galit\u00e9s qui, en att\u00e9nuant l\u2019impact de la croissance \u00e9conomique, traduit les efforts \u00e0 d\u00e9ployer pour que les mesures de r\u00e9duction d\u00e9j\u00e0 engag\u00e9es ou envisag\u00e9es profitent prioritairement aux populations pauvres ou vuln\u00e9rables<\/em>\u00bb. Globalement, le progr\u00e8s social dans le pays est tr\u00e8s peu perceptible. L\u2019\u00e9tude des Nations Unies cit\u00e9e supra indique que 40% de la population camerounaise n\u2019a toujours pas acc\u00e8s aux soins de sant\u00e9 de qualit\u00e9, et pr\u00e8s de 60% \u00e9prouvent des difficult\u00e9s \u00e0 faire face aux d\u00e9penses de sant\u00e9.<\/p>\n<p>En zone urbaine, moins de 60% de la population a acc\u00e8s \u00e0 l\u2019eau potable. La situation est plus dramatique dans l\u2019arri\u00e8re-pays. Selon l\u2019Ong <strong>Africain Center for Advocacy (ACA),<\/strong> qui promeut l\u2019\u00e9galit\u00e9 d\u2019acc\u00e8s aux services de base pour tous en Afrique, 80% de la population n\u2019a pas acc\u00e8s \u00e0 l\u2019eau potable dans les trois r\u00e9gions septentrionales du Cameroun. \u00ab <em>69% des m\u00e9nages de Yaound\u00e9 subissent au moins quatre fois des coupures d\u2019eau par mois. Ces coupures p\u00e9riodiques et chroniques poussent les m\u00e9nages \u00e0 s\u2019alimenter en eau souterraine : les puits (35,9%), les sources non am\u00e9nag\u00e9es (5,6%) et les sources am\u00e9nag\u00e9es (46,6%)<\/em> \u00bb, rel\u00e8ve l\u2019Organisation non gouvernementale.<\/p>\n<p>Autre domaine n\u00e9vralgique faiblement impact\u00e9 au cours de la derni\u00e8re d\u00e9cennie et en d\u00e9pit de la mise en \u0153uvre de nombreux projets structurants du gouvernement, c\u2019est celui de l\u2019emploi. Selon le Groupement inter patronal du Cameroun <strong>(Gicam<\/strong>), sur <strong>10,3 millions d\u2019actifs<\/strong> au Cameroun, seulement 9,5 % (plus d\u2019un million de jeunes dipl\u00f4m\u00e9s) sont employ\u00e9s dans le secteur formel, 3,7% dans le secteur formel priv\u00e9 et 25,8% dans le secteur formel public. L\u2019une des raisons majeures de cette situation c\u2019est que le gouvernement a fait appel en grande partie \u00e0 l\u2019expertise \u00e9trang\u00e8re pour la r\u00e9alisation de ses projets d\u2019infrastructures, car ne disposant pas d\u2019une main d\u2019\u0153uvre domestique suffisante.<\/p>\n<div class=\"about-author about-author-box container-wrapper\">\n<div class=\"author-avatar\">\n<p><img decoding=\"async\" src=\"http:\/\/\" alt=\"\"\/><\/p>\n<\/div>\n<p><h4>La R\u00e9daction EcoMatin<\/h4>\n<\/p>\n<\/div>\n<div class=\"awac-wrapper awac widget blog_subscription-2\">\n<h4 class=\"widget-title\">Abonnez-vous \u00e0 notre lettre d&rsquo;information<\/h4>\n<\/div>\n<p>Auteur: EcoMatin<br \/>\n<a href=\"https:\/\/ecomatin.net\/progres-social-le-gouvernement-echoue-a-ramener-la-pauvrete-de-40-a-28\/\">Cliquez ici pour lire l&rsquo;article depuis sa source.<\/a><\/p>\n","protected":false},"excerpt":{"rendered":"<p>Le gouvernement de la R\u00e9publique s\u2019\u00e9tait fix\u00e9 l\u2019objectif pour le moins gargantuesque de ramener le taux de pauvret\u00e9 de 40% de la population camerounaise en 2010 \u00e0 28,7% en 2020. A la veille de cette \u00e9ch\u00e9ance, les chiffres officiels disponibles rendent compte d\u2019un \u00e9chec cuisant de cet objectif contenu dans le Document de strat\u00e9gie pour [&hellip;]<\/p>\n","protected":false},"author":1969,"featured_media":0,"comment_status":"closed","ping_status":"closed","sticky":false,"template":"","format":"standard","meta":{"fifu_image_url":"","fifu_image_alt":"","footnotes":""},"categories":[82,78],"tags":[],"class_list":["post-39378","post","type-post","status-publish","format-standard","hentry","category-cameroun","category-economie"],"_links":{"self":[{"href":"https:\/\/linitiative.ca\/International\/wp-json\/wp\/v2\/posts\/39378","targetHints":{"allow":["GET"]}}],"collection":[{"href":"https:\/\/linitiative.ca\/International\/wp-json\/wp\/v2\/posts"}],"about":[{"href":"https:\/\/linitiative.ca\/International\/wp-json\/wp\/v2\/types\/post"}],"author":[{"embeddable":true,"href":"https:\/\/linitiative.ca\/International\/wp-json\/wp\/v2\/users\/1969"}],"replies":[{"embeddable":true,"href":"https:\/\/linitiative.ca\/International\/wp-json\/wp\/v2\/comments?post=39378"}],"version-history":[{"count":0,"href":"https:\/\/linitiative.ca\/International\/wp-json\/wp\/v2\/posts\/39378\/revisions"}],"wp:attachment":[{"href":"https:\/\/linitiative.ca\/International\/wp-json\/wp\/v2\/media?parent=39378"}],"wp:term":[{"taxonomy":"category","embeddable":true,"href":"https:\/\/linitiative.ca\/International\/wp-json\/wp\/v2\/categories?post=39378"},{"taxonomy":"post_tag","embeddable":true,"href":"https:\/\/linitiative.ca\/International\/wp-json\/wp\/v2\/tags?post=39378"}],"curies":[{"name":"wp","href":"https:\/\/api.w.org\/{rel}","templated":true}]}}