{"id":39384,"date":"2019-06-07T17:15:43","date_gmt":"2019-06-07T21:15:43","guid":{"rendered":"https:\/\/linitiative.ca\/International\/elue-avec-une-majorite-de-191-membres-la-tunisie-membre-non-permanent-au-conseil-de-securite\/"},"modified":"2019-06-07T17:15:43","modified_gmt":"2019-06-07T21:15:43","slug":"elue-avec-une-majorite-de-191-membres-la-tunisie-membre-non-permanent-au-conseil-de-securite","status":"publish","type":"post","link":"https:\/\/linitiative.ca\/International\/elue-avec-une-majorite-de-191-membres-la-tunisie-membre-non-permanent-au-conseil-de-securite\/","title":{"rendered":"Elue avec une majorit\u00e9 de 191 membres : La Tunisie membre non-permanent au Conseil de s\u00e9curit\u00e9"},"content":{"rendered":"<p>La Tunisie vient d\u2019\u00eatre \u00e9lue par l\u2019Assembl\u00e9e g\u00e9n\u00e9rale des Nations Unies \u00e0 New York, membre non-permanent au Conseil de s\u00e9curit\u00e9 pour le mandat 2020-2021 avec 191 voix sur un total de 193 pays membres de l\u2019organisation onusienne.<\/p>\n<div>A cet effet, le ministre des affaires \u00e9trang\u00e8res, Kh\u00e9ma\u00efes Jhinaoui, effectue, du 7 au 11 juin 2019, une visite de travail \u00e0 New York, en pr\u00e9vision de cette \u00e9lection, survenue hier, par l\u2019Assembl\u00e9e g\u00e9n\u00e9rale des Nations Unies, des membres non permanents au Conseil de s\u00e9curit\u00e9, dont la Tunisie, pour le mandat 2020-2021.Selon un communiqu\u00e9 du d\u00e9partement, le ministre des Affaires \u00e9trang\u00e8res devait avoir, lors de cette visite, une s\u00e9rie d\u2019entretiens avec de hauts responsables onusiens, ainsi qu\u2019avec des repr\u00e9sentants des pays membres permanents au conseil de s\u00e9curit\u00e9.Ces entretiens seront l\u2019occasion de faire conna\u00eetre les priorit\u00e9s de la Tunisie, lors de son mandat au Conseil de s\u00e9curit\u00e9 des Nations Unies. Il s\u2019agit de r\u00e9affirmer l\u2019engagement de la Tunisie \u00e0 servir les questions internationales et de renforcer ses relations avec divers partenaires, afin de promouvoir une paix durable. C\u2019est, aussi, la pr\u00e9vention des conflits, la contribution au r\u00e8glement pacifique des diff\u00e9rends et le renforcement de la coordination au sein des organismes onusiens pour la lutte contre le terrorisme. Relever les nouveaux d\u00e9fis internationaux et renforcer la place de la femme et des jeunes dans les soci\u00e9t\u00e9s d\u2019aujourd\u2019hui sont, \u00e9galement, une priorit\u00e9 pour la Tunisie, lit-on de m\u00eame source.La Tunisie est la seule candidate au si\u00e8ge de membre non permanent au Conseil de s\u00e9curit\u00e9 des Nations unies dans la r\u00e9gion de l\u2019Afrique du Nord pour la p\u00e9riode 2020-2021. Sa candidature a \u00e9t\u00e9 soutenue par l\u2019Union africaine en juillet 2018 et par la Ligue des Etats arabes depuis 2014.La Tunisie est \u00e9lue \u00e0 ce poste pour la quatri\u00e8me fois. Les pr\u00e9c\u00e9dents mandats au cours desquels la Tunisie a occup\u00e9 le poste de membre non-permanent sont les suivants: (1959-1960), (1980-1981) , (2000-2001).Cette \u00e9lection refl\u00e8te le respect dont b\u00e9n\u00e9ficie la Tunisie sur la sc\u00e8ne internationale forte en cela de sa politique \u00e9trang\u00e8re et de sa capacit\u00e9 \u00e0 relever les d\u00e9fis et \u00e0 renforcer la paix et la s\u00e9curit\u00e9 dans le monde, lit-on dans un communiqu\u00e9 du minist\u00e8re des Affaires \u00e9trang\u00e8res.Six pays, dont la Tunisie, ont pr\u00e9sent\u00e9 leurs dossiers de candidature pour occuper 5 si\u00e8ges non-permanents pour la p\u00e9riode 2020-2021.<\/div>\n<p class=\"dpsp-share-text\">Partager c&rsquo;est aimer!<\/p>\n<div class=\"wp-post-author-wrap wp-post-author-shortcode left\">\n<h3 class=\"awpa-title\"\/>\n<div class=\"wp-post-author\">\n<div class=\"awpa-img awpa-author-block square\"><a href=\"http:\/\/lexpertjournal.net\/fr\/author\/expert\/\"><img loading=\"lazy\" decoding=\"async\" alt=\"\" src=\"http:\/\/2.gravatar.com\/avatar\/56d99be2a6f97af88ccb49fada637fcd?s=150&#038;d=mm&#038;r=g\" srcset=\"http:\/\/2.gravatar.com\/avatar\/56d99be2a6f97af88ccb49fada637fcd?s=300&#038;d=mm&#038;r=g 2x\" class=\"avatar avatar-150 photo\" height=\"150\" width=\"150\"\/><\/a><\/div>\n<\/div>\n<\/div>\n<p>Auteur: L&rsquo;expert<br \/>\n<a href=\"http:\/\/lexpertjournal.net\/fr\/2019\/06\/07\/elue-avec-une-majorite-de-191-membres-la-tunisie-membre-non-permanent-au-conseil-de-securite\/\">Cliquez ici pour lire l&rsquo;article depuis sa source.<\/a><\/p>\n","protected":false},"excerpt":{"rendered":"<p>La Tunisie vient d\u2019\u00eatre \u00e9lue par l\u2019Assembl\u00e9e g\u00e9n\u00e9rale des Nations Unies \u00e0 New York, membre non-permanent au Conseil de s\u00e9curit\u00e9 pour le mandat 2020-2021 avec 191 voix sur un total de 193 pays membres de l\u2019organisation onusienne. A cet effet, le ministre des affaires \u00e9trang\u00e8res, Kh\u00e9ma\u00efes Jhinaoui, effectue, du 7 au 11 juin 2019, une [&hellip;]<\/p>\n","protected":false},"author":1775,"featured_media":0,"comment_status":"closed","ping_status":"closed","sticky":false,"template":"","format":"standard","meta":{"fifu_image_url":"","fifu_image_alt":"","footnotes":""},"categories":[78,55],"tags":[],"class_list":["post-39384","post","type-post","status-publish","format-standard","hentry","category-economie","category-tunisie"],"_links":{"self":[{"href":"https:\/\/linitiative.ca\/International\/wp-json\/wp\/v2\/posts\/39384","targetHints":{"allow":["GET"]}}],"collection":[{"href":"https:\/\/linitiative.ca\/International\/wp-json\/wp\/v2\/posts"}],"about":[{"href":"https:\/\/linitiative.ca\/International\/wp-json\/wp\/v2\/types\/post"}],"author":[{"embeddable":true,"href":"https:\/\/linitiative.ca\/International\/wp-json\/wp\/v2\/users\/1775"}],"replies":[{"embeddable":true,"href":"https:\/\/linitiative.ca\/International\/wp-json\/wp\/v2\/comments?post=39384"}],"version-history":[{"count":0,"href":"https:\/\/linitiative.ca\/International\/wp-json\/wp\/v2\/posts\/39384\/revisions"}],"wp:attachment":[{"href":"https:\/\/linitiative.ca\/International\/wp-json\/wp\/v2\/media?parent=39384"}],"wp:term":[{"taxonomy":"category","embeddable":true,"href":"https:\/\/linitiative.ca\/International\/wp-json\/wp\/v2\/categories?post=39384"},{"taxonomy":"post_tag","embeddable":true,"href":"https:\/\/linitiative.ca\/International\/wp-json\/wp\/v2\/tags?post=39384"}],"curies":[{"name":"wp","href":"https:\/\/api.w.org\/{rel}","templated":true}]}}