{"id":39389,"date":"2019-06-08T13:04:33","date_gmt":"2019-06-08T17:04:33","guid":{"rendered":"https:\/\/linitiative.ca\/International\/lalgerie-participe-au-festival-cinema-vert-a-redeyef\/"},"modified":"2019-06-08T13:04:33","modified_gmt":"2019-06-08T17:04:33","slug":"lalgerie-participe-au-festival-cinema-vert-a-redeyef","status":"publish","type":"post","link":"https:\/\/linitiative.ca\/International\/lalgerie-participe-au-festival-cinema-vert-a-redeyef\/","title":{"rendered":"L&rsquo;Alg\u00e9rie participe au Festival \u00ab\u00a0Cin\u00e9ma Vert\u00a0\u00bb \u00e0 Redeyef"},"content":{"rendered":"<div>\n<div class=\"K2FeedImage\"><img decoding=\"async\" src=\"http:\/\/www.aps.dz\/media\/k2\/items\/cache\/e8a492cfe8cfa4b925841b8e3613b8fa_S.jpg\" alt=\"L'Alg\u00e9rie participe au Festival \" cin vert redeyef><\/div>\n<div class=\"K2FeedIntroText\">\n<p><strong>TUNIS &#8211; Une quinzaine de films issus de onze pays dont l\u2019Alg\u00e9rie sont au programme de la premi\u00e8re \u00e9dition du Festival environnemental \u00ab\u00a0Cin\u00e9ma Vert\u00a0\u00bb, pr\u00e9vue du 12 au 16 juin dans la ville tunisienne Redeyef, rapporte la presse locale.<\/strong><\/p>\n<\/div>\n<div class=\"K2FeedFullText\">\n<p>Des longs et courts m\u00e9trages documentaires de Tunisie, de France, d\u2019Espagne, d\u2019Allemagne, d\u2019Indon\u00e9sie ou encore du Canada, traitant de th\u00e9matiques \u00e9cologiques comme le r\u00e9chauffement et la pollution, sont au menu de cette premi\u00e8re \u00e9dition qui s\u2019ouvrira par la projection de deux documentaires tunisiens consacr\u00e9s \u00e0 la p\u00e9nurie d\u2019eau.<\/p>\n<p>Organis\u00e9 par la F\u00e9d\u00e9ration tunisienne des cin\u00e9-clubs (FTCC) et la Maison de culture Youssef Ben Ahmed, le Festival environnemental \u00ab\u00a0Cin\u00e9ma Vert\u00a0\u00bb se veut un lieu de diffusion de la culture environnementale et d\u2019\u00e9change sur les questions \u00e9cologiques, selon ses promoteurs.<\/p>\n<\/div>\n<\/div>\n<p>Auteur:<br \/>\n<a href=\"http:\/\/www.aps.dz\/culture\/90332-l-algerie-participe-au-festival-cinema-vert-a-redeyef\">Cliquez ici pour lire l&rsquo;article depuis sa source.<\/a><\/p>\n","protected":false},"excerpt":{"rendered":"<p>TUNIS &#8211; Une quinzaine de films issus de onze pays dont l\u2019Alg\u00e9rie sont au programme de la premi\u00e8re \u00e9dition du Festival environnemental \u00ab\u00a0Cin\u00e9ma Vert\u00a0\u00bb, pr\u00e9vue du 12 au 16 juin dans la ville tunisienne Redeyef, rapporte la presse locale. Des longs et courts m\u00e9trages documentaires de Tunisie, de France, d\u2019Espagne, d\u2019Allemagne, d\u2019Indon\u00e9sie ou encore du [&hellip;]<\/p>\n","protected":false},"author":1790,"featured_media":39390,"comment_status":"closed","ping_status":"closed","sticky":false,"template":"","format":"standard","meta":{"fifu_image_url":"","fifu_image_alt":"","footnotes":""},"categories":[53,79],"tags":[],"class_list":["post-39389","post","type-post","status-publish","format-standard","has-post-thumbnail","hentry","category-algerie","category-culture"],"_links":{"self":[{"href":"https:\/\/linitiative.ca\/International\/wp-json\/wp\/v2\/posts\/39389","targetHints":{"allow":["GET"]}}],"collection":[{"href":"https:\/\/linitiative.ca\/International\/wp-json\/wp\/v2\/posts"}],"about":[{"href":"https:\/\/linitiative.ca\/International\/wp-json\/wp\/v2\/types\/post"}],"author":[{"embeddable":true,"href":"https:\/\/linitiative.ca\/International\/wp-json\/wp\/v2\/users\/1790"}],"replies":[{"embeddable":true,"href":"https:\/\/linitiative.ca\/International\/wp-json\/wp\/v2\/comments?post=39389"}],"version-history":[{"count":0,"href":"https:\/\/linitiative.ca\/International\/wp-json\/wp\/v2\/posts\/39389\/revisions"}],"wp:featuredmedia":[{"embeddable":true,"href":"https:\/\/linitiative.ca\/International\/wp-json\/"}],"wp:attachment":[{"href":"https:\/\/linitiative.ca\/International\/wp-json\/wp\/v2\/media?parent=39389"}],"wp:term":[{"taxonomy":"category","embeddable":true,"href":"https:\/\/linitiative.ca\/International\/wp-json\/wp\/v2\/categories?post=39389"},{"taxonomy":"post_tag","embeddable":true,"href":"https:\/\/linitiative.ca\/International\/wp-json\/wp\/v2\/tags?post=39389"}],"curies":[{"name":"wp","href":"https:\/\/api.w.org\/{rel}","templated":true}]}}