{"id":39401,"date":"2019-06-07T19:14:33","date_gmt":"2019-06-07T23:14:33","guid":{"rendered":"https:\/\/linitiative.ca\/International\/dix-huit-films-au-8e-festival-maghrebin-du-film-doujda\/"},"modified":"2019-06-07T19:14:33","modified_gmt":"2019-06-07T23:14:33","slug":"dix-huit-films-au-8e-festival-maghrebin-du-film-doujda","status":"publish","type":"post","link":"https:\/\/linitiative.ca\/International\/dix-huit-films-au-8e-festival-maghrebin-du-film-doujda\/","title":{"rendered":"Dix-huit films au 8\u00e8 festival maghr\u00e9bin du film d\u2019Oujda"},"content":{"rendered":"<div readability=\"35\">\n<p>Six longs-m\u00e9trages et douze courts-m\u00e9trages sont programm\u00e9s dans le cadre de la comp\u00e9tition officielle de la 8\u00e8 \u00e9dition du Festival Maghr\u00e9bin du film d\u2019Oujda, pr\u00e9vue du 11 au 15 juin \u00e0 Oujda.<\/p>\n<\/div>\n<div readability=\"92\">\n<p>Il s\u2019agit de \u00ab\u00a0Reconnaissance \u00a0\u00bb de l\u2019Alg\u00e9rien Salim Hamdi, \u00ab\u00a0Cri de l\u2019\u00e2me\u00a0\u00bb du Marocain Abdelilah Jouahri, \u00ab\u00a0Fatwa\u00a0\u00bb du Tunisien Mahmoud Ben Mahmoud, \u00ab\u00a0La voix des anges\u00a0\u00bb de l\u2019Alg\u00e9rien Kamal Yaich, \u00ab\u00a0Porto-Farina\u00a0\u00bb du Tunisien Ibrahim Letaif et \u00ab\u00a0Une urgence ordinaire\u00a0\u00bb du Marocain Mohcine Besri.<\/p>\n<p>Dans la cat\u00e9gorie des courts m\u00e9trages, les productions participantes sont \u00ab\u00a0Brotherhood\u00a0\u00bb de Meryem Jebbour, \u00ab\u00a0Le chant du cygne\u00a0\u00bb de Yazid El Kadiri,, \u00ab\u00a0Houria\u00a0\u00bb de Oussama Azzi, \u00ab\u00a0Angoisse\u00a0\u00bb de Ali Benjelloun, \u00ab\u00a0Gauche-Droite\u00a0\u00bb de Moutie Dridi, \u00ab\u00a0Synapse\u00a0\u00bb de Nourredine Zerrouki, \u00ab\u00a0Souda\u00a0\u00bb de Amal Saad Bouh, \u00ab\u00a0Point z\u00e9ro\u00a0\u00bb de Nassim Boumaiza, \u00ab\u00a0Ainsi soit-il\u00a0\u00bb de Youssef Mahsas, \u00ab\u00a0Candidats au suicide\u00a0\u00bb de Hamza Afifi, \u00ab\u00a0Un philosophe\u00a0\u00bb de Abdellatif Fadil et \u00ab\u00a0Ghost Reveries\u00a0\u00bb de Safa Ghali.<\/p>\n<p>Le jury de la s\u00e9lection des Longs-m\u00e9trages est pr\u00e9sid\u00e9 par le critique et universitaire alg\u00e9rien, Ahmed Bejjaoui qui sera \u00e9paul\u00e9 par le r\u00e9alisateur marocain Hassan Benjelloun et la r\u00e9alisatrice tunisienne Salma Baccar, la chercheuse marocaine A\u00efcha Belarbi et le r\u00e9alisateur mauritanien Abderrahman Lahi.<\/p>\n<p>Les c\u00e9r\u00e9monies d\u2019ouverture et de cl\u00f4ture seront marqu\u00e9es par un vibrant hommage qui sera rendu au r\u00e9alisateur alg\u00e9rien Rachid Bouchareb, \u00e0 l\u2019actrice tunisienne Fatime Ben Saidane, \u00e0 l\u2019acteur \u00e9gyptien Cherif Mounir et aux r\u00e9alisateurs marocains Sa\u00e2d Chra\u00efbi, Kamal Kamal et Mohamed Benkaddour.<\/p>\n<p>Le programme de cette manifestation cin\u00e9matographique, organis\u00e9e par l\u2019association Cin\u00e9 Maghreb en coordination avec plusieurs partenaires, pr\u00e9voit \u00e9galement la projection des films hors comp\u00e9tition, en sus de projections en plein air, et ce en pr\u00e9sence de plusieurs stars du cin\u00e9ma maghr\u00e9bin et arabe, dont des r\u00e9alisateurs, des critiques et des sp\u00e9cialistes du 7\u00e8 art.<\/p>\n<p>Par ailleurs, cette 8\u00e8me \u00e9dition sera ponctu\u00e9e par des conf\u00e9rences traitant de questions et sujets li\u00e9s au 7\u00e8 art, dont la pr\u00e9sence de la femme dans le cin\u00e9ma maghr\u00e9bin et la relation entre tourisme et culture, en plus d\u2019ateliers de formation aux m\u00e9tiers du cin\u00e9ma notamment le sc\u00e9nario, l\u2019analyse de l\u2019image, l\u2019initiation \u00e0 la vid\u00e9o et le casting.<\/p>\n<\/div>\n<p>Auteur: Soufiane ELAHMAR<br \/>\n<a href=\"http:\/\/www.mapoujda.ma\/fr\/dix-huit-films-au-8e-festival-maghrebin-du-film-doujda\/\">Cliquez ici pour lire l&rsquo;article depuis sa source.<\/a><\/p>\n","protected":false},"excerpt":{"rendered":"<p>Six longs-m\u00e9trages et douze courts-m\u00e9trages sont programm\u00e9s dans le cadre de la comp\u00e9tition officielle de la 8\u00e8 \u00e9dition du Festival Maghr\u00e9bin du film d\u2019Oujda, pr\u00e9vue du 11 au 15 juin \u00e0 Oujda. Il s\u2019agit de \u00ab\u00a0Reconnaissance \u00a0\u00bb de l\u2019Alg\u00e9rien Salim Hamdi, \u00ab\u00a0Cri de l\u2019\u00e2me\u00a0\u00bb du Marocain Abdelilah Jouahri, \u00ab\u00a0Fatwa\u00a0\u00bb du Tunisien Mahmoud Ben Mahmoud, \u00ab\u00a0La [&hellip;]<\/p>\n","protected":false},"author":1788,"featured_media":0,"comment_status":"closed","ping_status":"closed","sticky":false,"template":"","format":"standard","meta":{"fifu_image_url":"","fifu_image_alt":"","footnotes":""},"categories":[54,76],"tags":[],"class_list":["post-39401","post","type-post","status-publish","format-standard","hentry","category-maroc","category-regions"],"_links":{"self":[{"href":"https:\/\/linitiative.ca\/International\/wp-json\/wp\/v2\/posts\/39401","targetHints":{"allow":["GET"]}}],"collection":[{"href":"https:\/\/linitiative.ca\/International\/wp-json\/wp\/v2\/posts"}],"about":[{"href":"https:\/\/linitiative.ca\/International\/wp-json\/wp\/v2\/types\/post"}],"author":[{"embeddable":true,"href":"https:\/\/linitiative.ca\/International\/wp-json\/wp\/v2\/users\/1788"}],"replies":[{"embeddable":true,"href":"https:\/\/linitiative.ca\/International\/wp-json\/wp\/v2\/comments?post=39401"}],"version-history":[{"count":0,"href":"https:\/\/linitiative.ca\/International\/wp-json\/wp\/v2\/posts\/39401\/revisions"}],"wp:attachment":[{"href":"https:\/\/linitiative.ca\/International\/wp-json\/wp\/v2\/media?parent=39401"}],"wp:term":[{"taxonomy":"category","embeddable":true,"href":"https:\/\/linitiative.ca\/International\/wp-json\/wp\/v2\/categories?post=39401"},{"taxonomy":"post_tag","embeddable":true,"href":"https:\/\/linitiative.ca\/International\/wp-json\/wp\/v2\/tags?post=39401"}],"curies":[{"name":"wp","href":"https:\/\/api.w.org\/{rel}","templated":true}]}}